{"id":991,"date":"2021-03-07T23:29:37","date_gmt":"2021-03-07T22:29:37","guid":{"rendered":"https:\/\/www.brunohirout.biz\/?p=991"},"modified":"2021-03-07T23:34:29","modified_gmt":"2021-03-07T22:34:29","slug":"non-a-la-journee-de-la-femme","status":"publish","type":"post","link":"https:\/\/www.brunohirout.biz\/index.php\/2021\/03\/07\/non-a-la-journee-de-la-femme\/","title":{"rendered":"Non \u00e0 la journ\u00e9e de la femme !"},"content":{"rendered":"\n<p>Ce lundi 8 mars 2021, comme l&rsquo;an pass\u00e9, je tiens \u00e0 mettre en garde mes amis de droite contre la c\u00e9l\u00e9bration de la communiste journ\u00e9e de la femme.<\/p>\n\n\n\n<p>L&rsquo;involontaire ironie de notre \u00e9poque ridicule, pousse les plus acharn\u00e9s destructeurs de la f\u00e9minit\u00e9 \u00e0 se poser en d\u00e9fenseurs de la cause f\u00e9minine.<\/p>\n\n\n\n<p>Les h\u00e9ritiers politiques des communistes \u00e9tasuniens \u00e0 l&rsquo;origine de cette journ\u00e9e de la femme, sont en effet les promoteurs de la transidentit\u00e9 (qui permet aux hommes d&rsquo;\u00e9craser les femmes dans les comp\u00e9titions f\u00e9minines), de l&rsquo;exploitation des ut\u00e9rus des femmes pauvres (ils appellent \u00e7a la GPA), et ceux qui ont lib\u00e9r\u00e9 les femmes de leurs foyers pour les installer aux caisses des supermarch\u00e9s&#8230; Quelle vaste blague !<\/p>\n\n\n\n<p>Non seulement le f\u00e9minisme est un fl\u00e9au pour les femmes et pour les familles, car il cr\u00e9\u00e9 une parodie de lutte des classes en opposant les femmes aux hommes et il participe <em>de facto<\/em> \u00e0 hyst\u00e9riser le d\u00e9bat public, mais il doit \u00eatre combattu, lui et tous ses avatars, par tous les d\u00e9fenseurs de la famille, de la vie, de la tradition, de la nature et des bonnes m\u0153urs.<\/p>\n\n\n\n<p>Les hommes de droite n&rsquo;ont pas \u00e0 c\u00e9l\u00e9brer la journ\u00e9e de la femme, ni m\u00eame \u00e0 essayer de la droitiser. Et si certains sont en manque de c\u00e9l\u00e9bration, h\u00e9 bien qu&rsquo;ils profitent du 8 mars pour honorer la m\u00e9moire de Saint Jean de Dieu, n\u00e9 le 8 mars 1465 au Portugal. Jean participe \u00e0 la guerre de Charles-Quint contre les Turcs, puis part en Afrique pour venir en aide aux esclaves chr\u00e9tiens. Il devint Saint Jean de Dieu lorsqu&rsquo;il fut canonis\u00e9 en 1690 par le pape Alexandre VIII.<\/p>\n\n\n\n<p>Voil\u00e0 une histoire qui nous \u00e9l\u00e8ve un peu plus que le floril\u00e8ge de banalit\u00e9s, de mensonges et de stupidit\u00e9s qu&rsquo;on va nous servir ce 8 mars comme chaque ann\u00e9e !<\/p>\n","protected":false},"excerpt":{"rendered":"<p>Ce lundi 8 mars 2021, comme l&rsquo;an pass\u00e9, je tiens \u00e0 mettre en garde mes amis de droite<\/p>\n","protected":false},"author":1,"featured_media":0,"comment_status":"open","ping_status":"open","sticky":false,"template":"","format":"standard","meta":{"footnotes":""},"categories":[13,25,14],"tags":[],"class_list":["post-991","post","type-post","status-publish","format-standard","hentry","category-actualite","category-gauchisme","category-religion"],"_links":{"self":[{"href":"https:\/\/www.brunohirout.biz\/index.php\/wp-json\/wp\/v2\/posts\/991","targetHints":{"allow":["GET"]}}],"collection":[{"href":"https:\/\/www.brunohirout.biz\/index.php\/wp-json\/wp\/v2\/posts"}],"about":[{"href":"https:\/\/www.brunohirout.biz\/index.php\/wp-json\/wp\/v2\/types\/post"}],"author":[{"embeddable":true,"href":"https:\/\/www.brunohirout.biz\/index.php\/wp-json\/wp\/v2\/users\/1"}],"replies":[{"embeddable":true,"href":"https:\/\/www.brunohirout.biz\/index.php\/wp-json\/wp\/v2\/comments?post=991"}],"version-history":[{"count":4,"href":"https:\/\/www.brunohirout.biz\/index.php\/wp-json\/wp\/v2\/posts\/991\/revisions"}],"predecessor-version":[{"id":996,"href":"https:\/\/www.brunohirout.biz\/index.php\/wp-json\/wp\/v2\/posts\/991\/revisions\/996"}],"wp:attachment":[{"href":"https:\/\/www.brunohirout.biz\/index.php\/wp-json\/wp\/v2\/media?parent=991"}],"wp:term":[{"taxonomy":"category","embeddable":true,"href":"https:\/\/www.brunohirout.biz\/index.php\/wp-json\/wp\/v2\/categories?post=991"},{"taxonomy":"post_tag","embeddable":true,"href":"https:\/\/www.brunohirout.biz\/index.php\/wp-json\/wp\/v2\/tags?post=991"}],"curies":[{"name":"wp","href":"https:\/\/api.w.org\/{rel}","templated":true}]}}