{"id":776,"date":"2020-10-28T21:07:37","date_gmt":"2020-10-28T20:07:37","guid":{"rendered":"https:\/\/www.brunohirout.biz\/?p=776"},"modified":"2020-10-28T21:31:38","modified_gmt":"2020-10-28T20:31:38","slug":"dictature-sanitaire","status":"publish","type":"post","link":"https:\/\/www.brunohirout.biz\/index.php\/2020\/10\/28\/dictature-sanitaire\/","title":{"rendered":"Dictature sanitaire !"},"content":{"rendered":"\n<p>L&rsquo;hallucinant discours du pr\u00e9sident de la R\u00e9publique, Emmanuel Macron, est un v\u00e9ritable coup de poignard port\u00e9 aux Fran\u00e7ais et port\u00e9 \u00e0 la v\u00e9rit\u00e9.<\/p>\n\n\n\n<p>C&rsquo;est un coup de poignard port\u00e9 \u00e0 la v\u00e9rit\u00e9, quand le chef de l&rsquo;Etat tente de faire croire aux Fran\u00e7ais que c&rsquo;est \u00e0 cause des r\u00e9unions familiales que la France subirait une deuxi\u00e8me vague de Covid-19. <\/p>\n\n\n\n<p>C&rsquo;est un coup de poignard \u00e0 la v\u00e9rit\u00e9, quand le chef de l&rsquo;Etat tente de faire croire aux Fran\u00e7ais qu&rsquo;ouvrir 1000 lits en 9 mois est un gros effort et une belle performance.<\/p>\n\n\n\n<p>C&rsquo;est un coup de poignard \u00e0 la v\u00e9rit\u00e9, quand le chef de l&rsquo;Etat tente de faire croire aux Fran\u00e7ais que la \u00ab\u00a0crise \u00e9conomique et sociale\u00a0\u00bb serait li\u00e9e \u00e0 la \u00ab\u00a0premi\u00e8re vague\u00a0\u00bb. Quel mensonge ! Quelle indignit\u00e9 !<\/p>\n\n\n\n<p>C&rsquo;est aussi un coup de poignard \u00e0 la v\u00e9rit\u00e9, quand le chef de l&rsquo;Etat tente de faire croire aux Fran\u00e7ais qu&rsquo;il veut prot\u00e9ger la vie, alors qu&rsquo;il vient, par deux fois, de permettre l&rsquo;augmentation du nombre d&rsquo;assassinats de petits Fran\u00e7ais \u00e0 na\u00eetre.<\/p>\n\n\n\n<p>Mais ce discours surr\u00e9aliste de l&rsquo;ancien ministre de l&rsquo;\u00e9conomie de Fran\u00e7ois Hollande est \u00e9galement un coup de poignard port\u00e9 \u00e0 notre peuple.<\/p>\n\n\n\n<p>En effet, en avouant refuser d&rsquo;\u00e9riger des \u00ab\u00a0barri\u00e8res entre les g\u00e9n\u00e9rations\u00a0\u00bb, Emmanuel Macron admet pr\u00e9f\u00e9rer confiner la totalit\u00e9 des Fran\u00e7ais plut\u00f4t que d&rsquo;assumer d&rsquo;avoir \u00e0 trancher. Quelle couardise !<\/p>\n\n\n\n<p>Par le retour du confinement, le retour de la ridicule auto-attestation de sortie et l&rsquo;interdiction des manifestations et des meetings, la clique au pouvoir brandit impun\u00e9ment un totem d&rsquo;immunit\u00e9 qui lui assure de terminer l&rsquo;ann\u00e9e tranquillement, sans aucune contestation politique possible. C&rsquo;est un choix du pouvoir, certes, mais que dans ce cas le pouvoir assume sa r\u00e9alit\u00e9 et d\u00e9clare la fin de la d\u00e9mocratie et de l&rsquo;Etat de droit, au moins les choses seront claires.<\/p>\n\n\n\n<p>C&rsquo;est \u00e9galement porter un coup de poignard aux Fran\u00e7ais, de leur dire que toute leur vie peut s&rsquo;arr\u00eater sauf le fait d&rsquo;aller au travail car \u00ab\u00a0l&rsquo;\u00e9conomie ne peut pas s&rsquo;arr\u00eater\u00a0\u00bb. Travaille et rentre chez toi, esclave ! Voil\u00e0 ce que ce ramassis d&rsquo;ordures LREM attend de nous.<\/p>\n\n\n\n<p>Le peuple fran\u00e7ais est insult\u00e9, quand le pr\u00e9sident de cette d\u00e9testable R\u00e9publique interdit aux Fran\u00e7ais de se d\u00e9placer d&rsquo;une r\u00e9gion \u00e0 l&rsquo;autre, mais d\u00e9clare conserver nos fronti\u00e8res ouvertes aux \u00e9trangers !<\/p>\n\n\n\n<p>C&rsquo;est une incroyable, exceptionnelle humiliation de chaque membre de notre peuple, lorsque ce ridicule pantin mondialiste nous demande de porter, CHEZ NOUS, le masque lorsque nous recevons nos parents et nos fr\u00e8res.<\/p>\n\n\n\n<p>C&rsquo;est un culot sans bornes quand, craignant une r\u00e9volte des artisans, des commer\u00e7ants et des petits patrons, Emmanuel Macron fait miroiter un possible assouplissement dans 15 jours, si tout le monde se tient bien tranquille sans protester d&rsquo;ici l\u00e0.<\/p>\n\n\n\n<p>Enfin, la menace \u00e0 peine voil\u00e9e, au d\u00e9tour d&rsquo;une phrase, sur le d\u00e9roulement normal de la f\u00eate de No\u00ebl, constitue une attaque contre tout ce que nous sommes et ce qu&rsquo;ils ne veulent pas que l&rsquo;on soit : autre chose que des num\u00e9ros bons qu&rsquo;\u00e0 travailler et \u00e0 pousser des caddies.<\/p>\n\n\n\n<p>A bas la dictature sanitaire, sortons ces pi\u00e8tres parodies de politiciens \u00e0 toutes les \u00e9lections !<\/p>\n","protected":false},"excerpt":{"rendered":"<p>L&rsquo;hallucinant discours du pr\u00e9sident de la R\u00e9publique, Emmanuel Macron, est un v\u00e9ritable coup de poignard port\u00e9 aux Fran\u00e7ais<\/p>\n","protected":false},"author":1,"featured_media":777,"comment_status":"open","ping_status":"open","sticky":false,"template":"","format":"standard","meta":{"footnotes":""},"categories":[39],"tags":[],"class_list":["post-776","post","type-post","status-publish","format-standard","has-post-thumbnail","hentry","category-delire-sanitaire"],"_links":{"self":[{"href":"https:\/\/www.brunohirout.biz\/index.php\/wp-json\/wp\/v2\/posts\/776","targetHints":{"allow":["GET"]}}],"collection":[{"href":"https:\/\/www.brunohirout.biz\/index.php\/wp-json\/wp\/v2\/posts"}],"about":[{"href":"https:\/\/www.brunohirout.biz\/index.php\/wp-json\/wp\/v2\/types\/post"}],"author":[{"embeddable":true,"href":"https:\/\/www.brunohirout.biz\/index.php\/wp-json\/wp\/v2\/users\/1"}],"replies":[{"embeddable":true,"href":"https:\/\/www.brunohirout.biz\/index.php\/wp-json\/wp\/v2\/comments?post=776"}],"version-history":[{"count":12,"href":"https:\/\/www.brunohirout.biz\/index.php\/wp-json\/wp\/v2\/posts\/776\/revisions"}],"predecessor-version":[{"id":789,"href":"https:\/\/www.brunohirout.biz\/index.php\/wp-json\/wp\/v2\/posts\/776\/revisions\/789"}],"wp:featuredmedia":[{"embeddable":true,"href":"https:\/\/www.brunohirout.biz\/index.php\/wp-json\/wp\/v2\/media\/777"}],"wp:attachment":[{"href":"https:\/\/www.brunohirout.biz\/index.php\/wp-json\/wp\/v2\/media?parent=776"}],"wp:term":[{"taxonomy":"category","embeddable":true,"href":"https:\/\/www.brunohirout.biz\/index.php\/wp-json\/wp\/v2\/categories?post=776"},{"taxonomy":"post_tag","embeddable":true,"href":"https:\/\/www.brunohirout.biz\/index.php\/wp-json\/wp\/v2\/tags?post=776"}],"curies":[{"name":"wp","href":"https:\/\/api.w.org\/{rel}","templated":true}]}}