{"id":6962,"date":"2026-09-06T10:02:10","date_gmt":"2026-09-06T08:02:10","guid":{"rendered":"https:\/\/www.brunohirout.biz\/?p=6962"},"modified":"2026-09-06T10:12:57","modified_gmt":"2026-09-06T08:12:57","slug":"1ere-soiree-de-travail-du-mnc-a-cherbourg","status":"publish","type":"post","link":"https:\/\/www.brunohirout.biz\/index.php\/2026\/09\/06\/1ere-soiree-de-travail-du-mnc-a-cherbourg\/","title":{"rendered":"1\u00e8re soir\u00e9e de travail du MNC \u00e0 Cherbourg"},"content":{"rendered":"\n<p class=\"wp-block-paragraph\">Le Mouvement National-Catholique invite ses membres et sympathisants \u00e0 se retrouver ce mardi 8 septembre \u00e0 21h \u00e0 Cherbourg, pour sa premi\u00e8re r\u00e9union de travail de l&rsquo;ann\u00e9e 2026\/2027.<\/p>\n\n\n\n<p class=\"wp-block-paragraph\">La r\u00e9union se tiendra en compagnie de nationalistes, de patriotes et d&rsquo;identitaires cherbourgeois de tous horizons.<\/p>\n\n\n\n<p class=\"wp-block-paragraph\">Informations :&nbsp;<a href=\"mailto:contact@national-catholicisme.fr\">contact@national-catholicisme.fr<\/a><\/p>\n\n\n\n<figure class=\"wp-block-image aligncenter size-large is-resized\"><img loading=\"lazy\" decoding=\"async\" width=\"683\" height=\"1024\" src=\"https:\/\/www.brunohirout.biz\/wp-content\/uploads\/2026\/09\/image-2026-09-05T224850.686-683x1024.jpg\" alt=\"\" class=\"wp-image-6963\" style=\"width:319px;height:auto\" srcset=\"https:\/\/www.brunohirout.biz\/wp-content\/uploads\/2026\/09\/image-2026-09-05T224850.686-683x1024.jpg 683w, https:\/\/www.brunohirout.biz\/wp-content\/uploads\/2026\/09\/image-2026-09-05T224850.686-200x300.jpg 200w, https:\/\/www.brunohirout.biz\/wp-content\/uploads\/2026\/09\/image-2026-09-05T224850.686-768x1152.jpg 768w, https:\/\/www.brunohirout.biz\/wp-content\/uploads\/2026\/09\/image-2026-09-05T224850.686-1024x1536.jpg 1024w, https:\/\/www.brunohirout.biz\/wp-content\/uploads\/2026\/09\/image-2026-09-05T224850.686.jpg 1152w\" sizes=\"auto, (max-width: 683px) 100vw, 683px\" \/><\/figure>\n","protected":false},"excerpt":{"rendered":"<p>Le Mouvement National-Catholique invite ses membres et sympathisants \u00e0 se retrouver ce mardi 8 septembre \u00e0 21h \u00e0<\/p>\n","protected":false},"author":1,"featured_media":6966,"comment_status":"open","ping_status":"open","sticky":false,"template":"","format":"standard","meta":{"footnotes":""},"categories":[9,71],"tags":[],"class_list":["post-6962","post","type-post","status-publish","format-standard","has-post-thumbnail","hentry","category-annonces","category-mouvement-national-catholique"],"_links":{"self":[{"href":"https:\/\/www.brunohirout.biz\/index.php\/wp-json\/wp\/v2\/posts\/6962","targetHints":{"allow":["GET"]}}],"collection":[{"href":"https:\/\/www.brunohirout.biz\/index.php\/wp-json\/wp\/v2\/posts"}],"about":[{"href":"https:\/\/www.brunohirout.biz\/index.php\/wp-json\/wp\/v2\/types\/post"}],"author":[{"embeddable":true,"href":"https:\/\/www.brunohirout.biz\/index.php\/wp-json\/wp\/v2\/users\/1"}],"replies":[{"embeddable":true,"href":"https:\/\/www.brunohirout.biz\/index.php\/wp-json\/wp\/v2\/comments?post=6962"}],"version-history":[{"count":1,"href":"https:\/\/www.brunohirout.biz\/index.php\/wp-json\/wp\/v2\/posts\/6962\/revisions"}],"predecessor-version":[{"id":6964,"href":"https:\/\/www.brunohirout.biz\/index.php\/wp-json\/wp\/v2\/posts\/6962\/revisions\/6964"}],"wp:featuredmedia":[{"embeddable":true,"href":"https:\/\/www.brunohirout.biz\/index.php\/wp-json\/wp\/v2\/media\/6966"}],"wp:attachment":[{"href":"https:\/\/www.brunohirout.biz\/index.php\/wp-json\/wp\/v2\/media?parent=6962"}],"wp:term":[{"taxonomy":"category","embeddable":true,"href":"https:\/\/www.brunohirout.biz\/index.php\/wp-json\/wp\/v2\/categories?post=6962"},{"taxonomy":"post_tag","embeddable":true,"href":"https:\/\/www.brunohirout.biz\/index.php\/wp-json\/wp\/v2\/tags?post=6962"}],"curies":[{"name":"wp","href":"https:\/\/api.w.org\/{rel}","templated":true}]}}