{"id":6559,"date":"2025-12-10T11:47:53","date_gmt":"2025-12-10T10:47:53","guid":{"rendered":"https:\/\/www.brunohirout.biz\/?p=6559"},"modified":"2025-12-10T11:47:53","modified_gmt":"2025-12-10T10:47:53","slug":"le-national-catholicisme-conference-de-quentin-doute","status":"publish","type":"post","link":"https:\/\/www.brunohirout.biz\/index.php\/2025\/12\/10\/le-national-catholicisme-conference-de-quentin-doute\/","title":{"rendered":"Le national-catholicisme (Conf\u00e9rence de Quentin Dout\u00e9)"},"content":{"rendered":"\n<p>Conf\u00e9rence donn\u00e9e par Quentin Dout\u00e9, Secr\u00e9taire g\u00e9n\u00e9ral du Mouvement National-Catholique, le 22\/11\/2025 \u00e0 Nantes. M. Dout\u00e9 revient sur les diff\u00e9rences entre le MNC et les autres mouvements. Les questions religieuses, politiques, militantes et d&rsquo;actualit\u00e9 sont abord\u00e9es pour d\u00e9finir les contours du national-catholicisme au regard des enjeux et des dangers contemporains, y compris au sein de notre propre \u00ab\u00a0famille politique\u00a0\u00bb. Adh\u00e9rer au MNC : <a href=\"https:\/\/www.national-catholicisme.fr\/adherer\/\" target=\"_blank\" rel=\"noreferrer noopener\">https:\/\/www.national-catholicisme.fr\/adherer\/<\/a><\/p>\n\n\n\n<figure class=\"wp-block-embed aligncenter is-type-video is-provider-youtube wp-block-embed-youtube wp-embed-aspect-16-9 wp-has-aspect-ratio\"><div class=\"wp-block-embed__wrapper\">\n<iframe loading=\"lazy\" title=\"Le national-catholicisme (Conf\u00e9rence de Quentin Dout\u00e9)\" width=\"640\" height=\"360\" src=\"https:\/\/www.youtube.com\/embed\/LWyJh3WlGFI?feature=oembed\" frameborder=\"0\" allow=\"accelerometer; autoplay; clipboard-write; encrypted-media; gyroscope; picture-in-picture; web-share\" referrerpolicy=\"strict-origin-when-cross-origin\" allowfullscreen><\/iframe>\n<\/div><\/figure>\n","protected":false},"excerpt":{"rendered":"<p>Conf\u00e9rence donn\u00e9e par Quentin Dout\u00e9, Secr\u00e9taire g\u00e9n\u00e9ral du Mouvement National-Catholique, le 22\/11\/2025 \u00e0 Nantes. M. Dout\u00e9 revient sur<\/p>\n","protected":false},"author":1,"featured_media":6560,"comment_status":"open","ping_status":"open","sticky":false,"template":"","format":"standard","meta":{"footnotes":""},"categories":[71,20],"tags":[],"class_list":["post-6559","post","type-post","status-publish","format-standard","has-post-thumbnail","hentry","category-mouvement-national-catholique","category-videos"],"_links":{"self":[{"href":"https:\/\/www.brunohirout.biz\/index.php\/wp-json\/wp\/v2\/posts\/6559","targetHints":{"allow":["GET"]}}],"collection":[{"href":"https:\/\/www.brunohirout.biz\/index.php\/wp-json\/wp\/v2\/posts"}],"about":[{"href":"https:\/\/www.brunohirout.biz\/index.php\/wp-json\/wp\/v2\/types\/post"}],"author":[{"embeddable":true,"href":"https:\/\/www.brunohirout.biz\/index.php\/wp-json\/wp\/v2\/users\/1"}],"replies":[{"embeddable":true,"href":"https:\/\/www.brunohirout.biz\/index.php\/wp-json\/wp\/v2\/comments?post=6559"}],"version-history":[{"count":1,"href":"https:\/\/www.brunohirout.biz\/index.php\/wp-json\/wp\/v2\/posts\/6559\/revisions"}],"predecessor-version":[{"id":6561,"href":"https:\/\/www.brunohirout.biz\/index.php\/wp-json\/wp\/v2\/posts\/6559\/revisions\/6561"}],"wp:featuredmedia":[{"embeddable":true,"href":"https:\/\/www.brunohirout.biz\/index.php\/wp-json\/wp\/v2\/media\/6560"}],"wp:attachment":[{"href":"https:\/\/www.brunohirout.biz\/index.php\/wp-json\/wp\/v2\/media?parent=6559"}],"wp:term":[{"taxonomy":"category","embeddable":true,"href":"https:\/\/www.brunohirout.biz\/index.php\/wp-json\/wp\/v2\/categories?post=6559"},{"taxonomy":"post_tag","embeddable":true,"href":"https:\/\/www.brunohirout.biz\/index.php\/wp-json\/wp\/v2\/tags?post=6559"}],"curies":[{"name":"wp","href":"https:\/\/api.w.org\/{rel}","templated":true}]}}