{"id":6551,"date":"2025-11-30T10:17:37","date_gmt":"2025-11-30T09:17:37","guid":{"rendered":"https:\/\/www.brunohirout.biz\/?p=6551"},"modified":"2025-11-30T10:17:37","modified_gmt":"2025-11-30T09:17:37","slug":"la-diabolisation-du-nationalisme","status":"publish","type":"post","link":"https:\/\/www.brunohirout.biz\/index.php\/2025\/11\/30\/la-diabolisation-du-nationalisme\/","title":{"rendered":"La diabolisation du nationalisme"},"content":{"rendered":"\n<p>Beno\u00eet Saint Denis a d\u00e9clar\u00e9 hier sur France 2 qu&rsquo;il n&rsquo;est \u00ab\u00a0clairement pas nationaliste\u00a0\u00bb.<\/p>\n\n\n\n<p>Cette d\u00e9claration est r\u00e9v\u00e9latrice de la r\u00e9ussite de la propagande communiste selon laquelle \u00ab\u00a0le nationalisme c&rsquo;est la guerre\u00a0\u00bb ou \u00ab\u00a0le patriotisme c&rsquo;est l&rsquo;amour des siens, le nationalisme c&rsquo;est la haine des autres\u00a0\u00bb.<\/p>\n\n\n\n<p>Alors qu&rsquo;en r\u00e9alit\u00e9, le nationalisme est l&rsquo;attitude normale et l\u00e9gitime de chaque citoyen, le nationalisme consistant \u00e0 \u00ab\u00a0r\u00e9gler chaque probl\u00e8me par rapport aux int\u00e9r\u00eats de la nation\u00a0\u00bb.<\/p>\n\n\n\n<p>Malgr\u00e9 cette banalit\u00e9 du nationalisme, celui-ci est diabolis\u00e9 par toutes les familles politiques, y compris au Rassemblement National (ce qui ne l&#8217;emp\u00eache pourtant pas d&rsquo;\u00eatre r\u00e9guli\u00e8rement qualifi\u00e9 d&rsquo;extr\u00eame droite voire de fasciste).<\/p>\n\n\n\n<p>Cette unanimit\u00e9 des partis politiques, des m\u00e9dias et des personnalit\u00e9s contre le nationalisme r\u00e9v\u00e8le \u00e9galement la chape de plomb consid\u00e9rable qui p\u00e8se sur la discussion politique depuis l&rsquo;av\u00e8nement du gaullo-communisme et le proc\u00e8s de Nuremberg, \u00e9v\u00e9nements dramatiques depuis lesquels les Europ\u00e9ens sont contraints de porter sur leurs \u00e9paules le poids d&rsquo;une Histoire \u00e9crite par d&rsquo;autres qu&rsquo;eux et qui est &#8211; comme par hasard &#8211; la seule Histoire qu&rsquo;il est interdit d&rsquo;\u00e9tudier librement.<\/p>\n\n\n\n<p>Il ne s&rsquo;agit pas l\u00e0 de monomanie ou de pass\u00e9isme, il s&rsquo;agit de se lib\u00e9rer du sch\u00e9ma infernal qui est impos\u00e9 aux peuples d&rsquo;Europe et qui consiste \u00e0 dire que le nationalisme c&rsquo;est la Seconde guerre mondiale, c&rsquo;est Adolf Hitler, c&rsquo;est la Shoah, c&rsquo;est l&rsquo;extermination de six millions de juifs. C&rsquo;est \u00e0 cause de ce sch\u00e9ma, et pas d&rsquo;autre chose, qu&rsquo;aujourd&rsquo;hui le mot \u00ab\u00a0nationalisme\u00a0\u00bb est vu comme une injure dans la discussion politique. Il est donc vital, pour l&rsquo;avenir des nations europ\u00e9ennes, de se lib\u00e9rer de ce carcan antinational, notamment en faisant mordre la poussi\u00e8re \u00e0 \u00ab\u00a0la droite antifasciste\u00a0\u00bb \u00e0 laquelle j&rsquo;ai consacr\u00e9 une \u00e9mission disponible ici :<\/p>\n\n\n\n<figure class=\"wp-block-embed aligncenter is-type-video is-provider-youtube wp-block-embed-youtube wp-embed-aspect-16-9 wp-has-aspect-ratio\"><div class=\"wp-block-embed__wrapper\">\n<iframe loading=\"lazy\" title=\"BRUNO &amp; MARIO #01 - CONTRE LA DROITE ANTIFASCISTE\" width=\"640\" height=\"360\" src=\"https:\/\/www.youtube.com\/embed\/KBTrJfKnVQ0?feature=oembed\" frameborder=\"0\" allow=\"accelerometer; autoplay; clipboard-write; encrypted-media; gyroscope; picture-in-picture; web-share\" referrerpolicy=\"strict-origin-when-cross-origin\" allowfullscreen><\/iframe>\n<\/div><\/figure>\n","protected":false},"excerpt":{"rendered":"<p>Beno\u00eet Saint Denis a d\u00e9clar\u00e9 hier sur France 2 qu&rsquo;il n&rsquo;est \u00ab\u00a0clairement pas nationaliste\u00a0\u00bb. Cette d\u00e9claration est r\u00e9v\u00e9latrice<\/p>\n","protected":false},"author":1,"featured_media":6553,"comment_status":"open","ping_status":"open","sticky":false,"template":"","format":"standard","meta":{"footnotes":""},"categories":[13,16,35],"tags":[],"class_list":["post-6551","post","type-post","status-publish","format-standard","has-post-thumbnail","hentry","category-actualite","category-nationalisme","category-poing-de-vue"],"_links":{"self":[{"href":"https:\/\/www.brunohirout.biz\/index.php\/wp-json\/wp\/v2\/posts\/6551","targetHints":{"allow":["GET"]}}],"collection":[{"href":"https:\/\/www.brunohirout.biz\/index.php\/wp-json\/wp\/v2\/posts"}],"about":[{"href":"https:\/\/www.brunohirout.biz\/index.php\/wp-json\/wp\/v2\/types\/post"}],"author":[{"embeddable":true,"href":"https:\/\/www.brunohirout.biz\/index.php\/wp-json\/wp\/v2\/users\/1"}],"replies":[{"embeddable":true,"href":"https:\/\/www.brunohirout.biz\/index.php\/wp-json\/wp\/v2\/comments?post=6551"}],"version-history":[{"count":1,"href":"https:\/\/www.brunohirout.biz\/index.php\/wp-json\/wp\/v2\/posts\/6551\/revisions"}],"predecessor-version":[{"id":6554,"href":"https:\/\/www.brunohirout.biz\/index.php\/wp-json\/wp\/v2\/posts\/6551\/revisions\/6554"}],"wp:featuredmedia":[{"embeddable":true,"href":"https:\/\/www.brunohirout.biz\/index.php\/wp-json\/wp\/v2\/media\/6553"}],"wp:attachment":[{"href":"https:\/\/www.brunohirout.biz\/index.php\/wp-json\/wp\/v2\/media?parent=6551"}],"wp:term":[{"taxonomy":"category","embeddable":true,"href":"https:\/\/www.brunohirout.biz\/index.php\/wp-json\/wp\/v2\/categories?post=6551"},{"taxonomy":"post_tag","embeddable":true,"href":"https:\/\/www.brunohirout.biz\/index.php\/wp-json\/wp\/v2\/tags?post=6551"}],"curies":[{"name":"wp","href":"https:\/\/api.w.org\/{rel}","templated":true}]}}