{"id":3216,"date":"2024-11-30T23:28:02","date_gmt":"2024-11-30T22:28:02","guid":{"rendered":"https:\/\/www.brunohirout.biz\/?p=3216"},"modified":"2024-11-30T23:28:05","modified_gmt":"2024-11-30T22:28:05","slug":"quest-ce-que-le-national-catholicisme","status":"publish","type":"post","link":"https:\/\/www.brunohirout.biz\/index.php\/2024\/11\/30\/quest-ce-que-le-national-catholicisme\/","title":{"rendered":"Qu&rsquo;est-ce que le national-catholicisme ?"},"content":{"rendered":"\n<p>Par Quentin Dout\u00e9, membre de la r\u00e9daction de l&rsquo;<a href=\"https:\/\/revuelintransigeant.blogspot.com\/\" data-type=\"link\" data-id=\"https:\/\/revuelintransigeant.blogspot.com\/\" target=\"_blank\" rel=\"noreferrer noopener\">Intransigeant<\/a>.<\/p>\n\n\n\n<div data-wp-interactive=\"core\/file\" class=\"wp-block-file\"><object data-wp-bind--hidden=\"!state.hasPdfPreview\" hidden class=\"wp-block-file__embed\" data=\"https:\/\/www.brunohirout.biz\/wp-content\/uploads\/2024\/11\/Manifeste-national-catholique.pdf\" type=\"application\/pdf\" style=\"width:100%;height:600px\" aria-label=\"Contenu embarqu\u00e9 Texte \u00e9galement disponible en t\u00e9l\u00e9chargement..\"><\/object><a id=\"wp-block-file--media-45a92ec8-7f5d-4e45-b162-0661eb12961c\" href=\"https:\/\/www.brunohirout.biz\/wp-content\/uploads\/2024\/11\/Manifeste-national-catholique.pdf\">Texte \u00e9galement disponible en t\u00e9l\u00e9chargement.<\/a><a href=\"https:\/\/www.brunohirout.biz\/wp-content\/uploads\/2024\/11\/Manifeste-national-catholique.pdf\" class=\"wp-block-file__button wp-element-button\" download aria-describedby=\"wp-block-file--media-45a92ec8-7f5d-4e45-b162-0661eb12961c\">T\u00e9l\u00e9charger<\/a><\/div>\n\n\n\n<p>Il est des p\u00e9riodes de l&rsquo;Histoire o\u00f9 appara\u00eet clairement aux esprits lucides le combat du Bien contre \u00a0le Mal, le duel entre l&rsquo;Archange Saint Michel et l&rsquo;ange rebelle Lucifer : l&rsquo;alliance des Romains et des Germains contre les Huns d&rsquo;Attila, la lutte des Carolingiens contre l&rsquo;invasion islamique, les Croisades et la Reconquista, le combat de la Ligue catholique contre le protestantisme profanateur et iconoclaste, les r\u00e9voltes chouanne et vend\u00e9enne, mais aussi celles des Cristeros mexicains ou des nationalistes espagnols contre des gouvernements voulant \u00e9radiquer le christianisme, le combat sur le Front de l&rsquo;Est des soldats europ\u00e9ens contre l&rsquo;Arm\u00e9e Rouge, ou encore celui de notre arm\u00e9e fran\u00e7aise contre la subversion marxiste en Indochine et en Alg\u00e9rie&#8230;<\/p>\n\n\n\n<p>De nos jours, le Mal prend le visage du mondialisme \u00ab d\u00e9constructeur \u00bb, acharn\u00e9 \u00e0 d\u00e9truire tout ce qui constitue la civilisation europ\u00e9enne. La haine des identit\u00e9s nationales du vieux continent, de la race blanche, de la religion chr\u00e9tienne et m\u00eame de l&rsquo;harmonieuse compl\u00e9mentarit\u00e9 homme-femme, motive cette id\u00e9ologie diabolique qui veut implanter sur les ruines de la Chr\u00e9tient\u00e9 d\u00e9funte sa r\u00e9publique universelle cosmopolite, vieux r\u00eave des loges ma\u00e7onniques et du messianisme talmudique, dans laquelle un \u00c9tat totalitaire, \u00e0 la fois capitaliste et communiste (\u00e0 la chinoise) ne tol\u00e9rera plus aucune protection pour la personne humaine, \u00e9crasant tout corps interm\u00e9diaire comme toute cellule familiale, annihilant toute v\u00e9ritable libert\u00e9 : l&rsquo;enfant, comme le r\u00eavait d\u00e9j\u00e0 Platon, appartiendra totalement \u00e0 cet \u00c9tat omnipotent d\u00e8s sa naissance, n&rsquo;\u00e9tant que le rejeton d&rsquo;une procr\u00e9ation de hasard entre deux inconnus, s\u00e9par\u00e9s aussit\u00f4t la t\u00e2che accomplie ; mais il ne grandira que pour \u00eatre la proie d\u00e8s la petite enfance des d\u00e9lires LGBT, de la nouvelle religion \u00e9cologiste et du fanatisme anti-raciste poussant \u00e0 l&rsquo;ethno-masochisme et au m\u00e9tissage obligatoire. Si l&rsquo;Ant\u00e9christ n&rsquo;a pas encore instaur\u00e9 leur \u00c9tat mondial r\u00eav\u00e9, son id\u00e9ologie diabolique est d\u00e9j\u00e0 impos\u00e9e au moins partiellement par les gouvernements actuels, les jeunes g\u00e9n\u00e9rations \u00e9tant dor\u00e9navant de plus en plus ab\u00eem\u00e9es psychologiquement comme physiquement.<\/p>\n\n\n\n<p>Face \u00e0 ces id\u00e9ologies de d\u00e9sagr\u00e9gation et de mort, il importe d&rsquo;opposer une doctrine saine, pure, reposant sur ce qui a fond\u00e9 notre civilisation chr\u00e9tienne.<\/p>\n\n\n\n<p>Celle-ci, par l&rsquo;invasion musulmane de l&rsquo;Afrique du Nord et du Proche-Orient d&rsquo;un c\u00f4t\u00e9 et l&rsquo;\u00e9vang\u00e9lisation des peuples germaniques puis slaves de l&rsquo;autre, s&rsquo;est identifi\u00e9e depuis le VII<sup>\u00e8me<\/sup> si\u00e8cle \u00e0 l&rsquo;Europe et donc \u00e0 la race indo-europ\u00e9enne, aryenne disait-on jadis, qui la peuplait. Comme le remarquait fort justement le pape L\u00e9on XIII, \u00ab <em>il para\u00eet \u00e9vident que c\u2019est \u00e0 l\u2019Europe que Dieu a assign\u00e9 le r\u00f4le de r\u00e9pandre peu \u00e0 peu sur la terre les bienfaits de la civilisation chr\u00e9tienne <\/em>\u00bb (note 1) ; plus tard, Antonio de Oliveira Salazar notait \u00ab <em>On ne saurait qualifier de pr\u00e9jug\u00e9 racial la constatation d&rsquo;un fait historique tel que la sup\u00e9riorit\u00e9 tr\u00e8s marqu\u00e9e de l&rsquo;Europ\u00e9en dans la t\u00e2che de r\u00e9pandre la civilisation parmi les peuples de la terre <\/em>\u00bb, \u00ab <em>La v\u00e9rit\u00e9 cependant est que le progr\u00e8s se mesure, partout, aujourd&rsquo;hui encore, au degr\u00e9 d&rsquo;occidentalisation atteint et que les r\u00e9gressions se manifestent en sens contraire <\/em>\u00bb, et il regrettait am\u00e8rement que l&rsquo;Occident \u00ab <em>a perdu malheureusement le courage d&rsquo;affirmer sa sup\u00e9riorit\u00e9 <\/em>\u00bb (note 2). Ce sont les peuples blancs qui ont apport\u00e9 partout \u00e0 travers le monde, \u00e0 c\u00f4t\u00e9 d&rsquo;innombrables bienfaits mat\u00e9riels entra\u00eenant notamment l&rsquo;accroissement num\u00e9rique de ces populations, la croix du Christ et Son message r\u00e9v\u00e9l\u00e9. La haine contre les Blancs ne peut que se retourner, t\u00f4t ou tard, contre le christianisme qu&rsquo;ils ont apport\u00e9 (ce que l&rsquo;on peut constater notamment avec les nombreuses conversions \u00e0 l&rsquo;islam chez les racialistes noirs) : pour tout chr\u00e9tien, blanc ou non, la d\u00e9fense de la race blanche est un devoir, de v\u00e9rit\u00e9 et de reconnaissance d&rsquo;abord, de protection de notre sainte religion ensuite. Leur culpabilisation et l&rsquo;obligation morale du m\u00e9tissage poussant \u00e0 leur extinction doivent donc \u00eatre consid\u00e9r\u00e9es comme des man\u0153uvres sataniques \u00e0 combattre sans scrupule.<\/p>\n\n\n\n<p>Mais l&rsquo;Europe n&rsquo;est pas un tout uniforme et homog\u00e8ne, elle n&rsquo;est telle que par l&rsquo;existence de ses multiples nations, avec leurs caract\u00e8res propres : qui veut d\u00e9fendre l&rsquo;identit\u00e9 europ\u00e9enne doit obligatoirement pour cela d\u00e9fendre celle des diff\u00e9rentes nations qui la composent.<\/p>\n\n\n\n<p>Parmi celles-ci, la France ne peut que se placer parmi les premi\u00e8res, de par son anciennet\u00e9 comme de par son importance. \u00c0 l&rsquo;heure o\u00f9 l&rsquo;Occident \u00e9tait partag\u00e9 entre des royaumes suivant l&rsquo;h\u00e9r\u00e9sie d&rsquo;Arius et des tribus pa\u00efennes, alors que l&#8217;empereur de Constantinople \u00e9pousait l&rsquo;h\u00e9r\u00e9sie monophysite, le royaume franc devint, par le bapt\u00eame de Clovis, le d\u00e9fenseur temporel de la vraie Foi, la fille a\u00een\u00e9e de l&rsquo;\u00c9glise. L&rsquo;expansion des Francs vers l&rsquo;Est fut toujours accompagn\u00e9e dans les si\u00e8cles suivants de l&rsquo;\u00e9vang\u00e9lisation des peuples vaincus, au point que, sous Charlemagne, la Chr\u00e9tient\u00e9 latine fut presque enti\u00e8rement soumise au sceptre franc. Sauveur de l&rsquo;Europe chr\u00e9tienne gr\u00e2ce aux victoires de Charles Martel qui marqu\u00e8rent l&rsquo;arr\u00eat des invasions islamiques, protecteur du Saint-Si\u00e8ge avec la formation par P\u00e9pin le Bref des \u00c9tats pontificaux (dont la France sera aussi le dernier d\u00e9fenseur) (note 3), le royaume des Francs fut la patrie de la plupart des crois\u00e9s partis en Orient d\u00e9livrer la Terre Sainte, croisade pr\u00each\u00e9e pour la premi\u00e8re fois par un pape champenois dans la cath\u00e9drale de Clermont-Ferrand. Apr\u00e8s les crois\u00e9s, ce furent d&rsquo;innombrables missionnaires qui partirent de l&rsquo;hexagone pendant quatre si\u00e8cles \u00e9vang\u00e9liser les quatre coins du monde. Cette vocation catholique de la France fut sauv\u00e9e par le peuple fran\u00e7ais lui-m\u00eame, contre son souverain \u00ab l\u00e9gitime \u00bb, \u00a0quand il refusa un roi protestant et le for\u00e7a \u00e0 se convertir \u00e0 la vraie Foi s&rsquo;il voulait gouverner. Dieu marqua l&rsquo;int\u00e9r\u00eat qu&rsquo;Il porte particuli\u00e8rement \u00e0 notre nation en nous envoyant sainte Jeanne d&rsquo;Arc la sauver \u00e0 l&rsquo;heure o\u00f9 sa disparition paraissait certaine.<\/p>\n\n\n\n<p>L&rsquo;apostasie officielle de la France, par son r\u00f4le dans la diffusion des \u00ab Lumi\u00e8res \u00bb, par la R\u00e9volution ma\u00e7onnique dite fran\u00e7aise, par la politique de la\u00efcit\u00e9 de la III<sup>\u00e8me<\/sup> R\u00e9publique, est un des plus grands drames de notre Histoire et poussa jusqu&rsquo;au bout la comparaison maintes fois entreprise pour son \u00e9loge avec le peuple h\u00e9breu de l&rsquo;Ancien Testament : elle aussi finit par se ranger derri\u00e8re Ca\u00efphe et par choisir Barabbas&#8230; Pourtant, la France catholique ne put dispara\u00eetre d&rsquo;un coup : un si\u00e8cle apr\u00e8s 1789, la France \u00e9tait toujours le pays fournissant le plus de missionnaires, et ce fut l&rsquo;un d&rsquo;eux, quand l&rsquo;\u00c9glise a rendu les armes au monde et sombr\u00e9 dans le lib\u00e9ralisme, qui d\u00e9fendit la Tradition et sauva la Messe de toujours. Parmi les \u00e9crivains d\u00e9fendant la doctrine catholique contre les erreurs modernes, l\u00e0 aussi les Fran\u00e7ais furent au premier rang, et de nombreux \u00e9trangers apprirent par eux les rem\u00e8des qu&rsquo;ils appliqu\u00e8rent dans leurs propres pays contre un mal commun. Que la France, d\u00e8s avant m\u00eame la R\u00e9volution et de par ses rois les plus prestigieux, ait commis de graves erreurs (alliance avec des princes protestants contre les Habsbourg catholiques (note 4) ou m\u00eame avec le sultan turc \u00e0 partir de Fran\u00e7ois I<sup>er<\/sup>), on aurait tort d&rsquo;en conclure qu&rsquo;il nous faut la renier et la condamner \u00e0 un second r\u00f4le pour mieux d\u00e9fendre la civilisation europ\u00e9enne : l&rsquo;Europe n&rsquo;aurait jamais \u00e9t\u00e9 ce qu&rsquo;elle a \u00e9t\u00e9 sans notre pays.<\/p>\n\n\n\n<p>Ceci \u00e9tant dit, le national-catholique ne peut \u00eatre qu&rsquo;hostile aux id\u00e9aux de 1789 officiellement promus par quasiment tous les r\u00e9gimes depuis cette date, et donc fonci\u00e8rement contre-r\u00e9volutionnaire. La contre-r\u00e9volution en France est n\u00e9anmoins synonyme pour beaucoup de \u00ab royalisme \u00bb, r\u00e9action parfaitement compr\u00e9hensible historiquement, mais bien trop limit\u00e9e sur le plan doctrinal : l&rsquo;exp\u00e9rience historique, en France comme \u00e0 l&rsquo;\u00e9tranger, nous montre abondamment que l&rsquo;alternative ne peut se r\u00e9sumer en \u00ab bonne monarchie\/mauvaise r\u00e9publique \u00bb, et on peut voir aussi bien d&rsquo;innombrables monarchies d\u00e9cadentes empoisonn\u00e9es par tous les principes modernes (dans les pays protestants, mais aussi en Belgique, en Espagne, sans compter la monarchie ma\u00e7onnique italienne spoliatrice du Saint-Si\u00e8ge) que quelques bonnes r\u00e9publiques r\u00e9ellement catholiques (d\u00e8s le XIX<sup>\u00e8me<\/sup> si\u00e8cle avec Garcia Moreno en \u00c9quateur, au XX<sup>\u00e8me<\/sup> si\u00e8cle avec le Portugal de Salazar, l&rsquo;Autriche de Dollfuss ou la Slovaquie de Mgr Tiso). On ne peut tout miser sur une \u00e9ventuelle restauration, d&rsquo;autant plus qu&rsquo;elle d\u00e9pend de pr\u00e9tendants qui sont tous, \u00e0 l&rsquo;heure actuelle, partisans d&rsquo;une monarchie parlementaire.<\/p>\n\n\n\n<p>D\u00e8s l&rsquo;\u00e9poque de la Monarchie de Juillet, des catholiques comprirent qu&rsquo;ils ne devaient pas lier le sort de la vraie religion avec une dynastie \u00e0 l&rsquo;existence forc\u00e9ment passag\u00e8re et \u00e0 l&rsquo;\u00e9volution toujours incertaine : \u00ab\u00a0<em>\u00c9vitez les factions de toutes sortes ; nous appartenons exclusivement \u00e0 notre \u00c9glise et \u00e0 notre pays <\/em>\u00bb (note 5), telle fut la ligne suivie par Louis Veuillot, \u00c9mile Keller, Mgr Freppel ou encore Albert de Mun de 1840 \u00e0 1914. L&rsquo;entre-deux-guerres vit l&rsquo;existence d&rsquo;une F\u00e9d\u00e9ration Nationale Catholique, avec le soutien officiel de l&rsquo;\u00e9piscopat et compta plusieurs millions d&rsquo;adh\u00e9rents : dirig\u00e9e par le g\u00e9n\u00e9ral de Castelnau, elle comptait parmi ses dirigeants des parlementaires qui seraient aujourd&rsquo;hui qualifi\u00e9s \u00ab d&rsquo;extr\u00eame-droite \u00bb comme Xavier Vallat et Philippe Henriot, et constitua la seule tentative r\u00e9ussie de regroupement politique des catholiques fran\u00e7ais. La R\u00e9volution Nationale du mar\u00e9chal P\u00e9tain, si elle n&rsquo;\u00e9tait pas officiellement catholique, alla sans conteste dans le bon sens et fut un grand espoir pour les catholiques contre-r\u00e9volutionnaires : l&rsquo;\u00c9puration n&rsquo;en a \u00e9t\u00e9 que plus douloureuse pour notre camp. Apr\u00e8s-guerre, si la Cit\u00e9 catholique de Jean Ousset fit un bon travail doctrinal, son refus de l&rsquo;action politique fut toujours tr\u00e8s dommageable ; au moment de la guerre d&rsquo;Alg\u00e9rie, le Mouvement populaire du 13 mai dirig\u00e9 par le g\u00e9n\u00e9ral Chassin et Robert Martel sauva l&rsquo;honneur en d\u00e9fendant l&rsquo;Alg\u00e9rie fran\u00e7aise sous le signe du Sacr\u00e9-C\u0153ur. Ainsi, la ligne nationale-catholique est solidement enracin\u00e9e dans notre histoire.<\/p>\n\n\n\n<p>Pour autant, on ne peut n\u00e9gliger sans injustice de pr\u00e9cieuses exp\u00e9riences \u00e9trang\u00e8res. La \u00ab d\u00e9mocratie organique \u00bb instaur\u00e9e par Salazar qui s&rsquo;est maintenue au Portugal plus de quarante ans est sans doute la plus instructive comme exp\u00e9rience gouvernementale sur un temps long, ce que ne permet pas notre courte parenth\u00e8se de Vichy, pleine de projets int\u00e9ressants et ambitieux mais bien trop vite avort\u00e9s. Son \u00ab Estado Novo\u00a0\u00bb reposait sur cinq piliers : Dieu, la famille, le travail, la patrie, l\u2019autorit\u00e9. Sa \u00ab r\u00e9publique corporative \u00bb comme son remplacement des partis politiques par une unique \u00ab Union Nationale \u00bb avaient pour but de remplacer les st\u00e9riles querelles politiciennes par une politique bas\u00e9e sur le r\u00e9el. Par son organisation de jeunesse comme par sa L\u00e9gion, le r\u00e9gime se pr\u00e9occupait d&rsquo;enraciner ses id\u00e9aux dans la population. Enfin, par sa d\u00e9fense intransigeante de l&#8217;empire colonial portugais, Salazar restait fid\u00e8le, en pleine d\u00e9colonisation, \u00e0 l&rsquo;id\u00e9al civilisateur europ\u00e9en.<\/p>\n\n\n\n<p>Le national-syndicalisme espagnol, dans sa phase premi\u00e8re avec des penseurs de la valeur de Jos\u00e9 Antonio Primo de Rivera, Onesimo Redondo et Ramiro Ledesma Ramos, ne peut \u00eatre n\u00e9glig\u00e9 non plus par le militant national-catholique. Il pr\u00e9sente un certain \u00e9quilibre entre la n\u00e9cessit\u00e9 d&rsquo;un \u00c9tat autoritaire et d&rsquo;une \u00e9conomie au service du Bien commun et le respect de la dignit\u00e9 de la personne humaine : \u00ab <em>La Phalange Espagnole consid\u00e8re l&rsquo;homme comme un ensemble form\u00e9 d&rsquo;un corps et d&rsquo;une \u00e2me, c&rsquo;est-\u00e0-dire capable d&rsquo;un destin \u00e9ternel, comme un porteur de valeurs \u00e9ternelles. Ainsi donc, on accorde le plus grand respect \u00e0 la dignit\u00e9 humaine, \u00e0 l&rsquo;int\u00e9grit\u00e9 de l&rsquo;homme et \u00e0 sa libert\u00e9. Mais cette libert\u00e9 profonde n&rsquo;autorise pas \u00e0 saper les fondements de la vie commune publique. <\/em>\u00bb (note 6) L&rsquo;\u00e9volution du national-syndicalisme en tant que doctrine d&rsquo;\u00c9tat sous le g\u00e9n\u00e9ral Franco, durant pr\u00e8s de quarante ans, pas toujours heureuse (note 7), n&rsquo;en est moins instructive.<\/p>\n\n\n\n<p>Enfin, m\u00eame s&rsquo;il n&rsquo;eut jamais le pouvoir, on ne peut oublier sans faute grave le rexisme belge, aussi bien son fameux chef L\u00e9on Degrelle que sa doctrine elle-m\u00eame, formul\u00e9e notamment par Jos\u00e9 Streel : \u00e0 rebours d&rsquo;un certain nationalisme positiviste croyant avoir rempli son devoir quand il \u00e9tablit de bonnes recettes pour les institutions, la diplomatie et l&rsquo;\u00e9conomie, il montre que le plus important dans la politique est son sujet, la personne humaine elle-m\u00eame, car \u00ab <em>Ces rouages, si bien con\u00e7us et agenc\u00e9s qu&rsquo;on les imagine, seraient d&rsquo;un pi\u00e8tre rendement si la qualit\u00e9 humaine des membres de la communaut\u00e9 ne leur permettait d&rsquo;atteindre aux meilleurs r\u00e9sultats. Le Bien Commun exige que tous aient un corps sain et vigoureux, un esprit disciplin\u00e9 et cultiv\u00e9 selon leur \u00e9tat, une conduite morale honn\u00eate. Cette exigence s&rsquo;impose \u00e0 un double titre. D&rsquo;abord parce que le Bien Commun est ordonn\u00e9 au bien des personnes (note 8) et que, d\u00e8s lors, il n&rsquo;y a pas de Bien Commun quand il n&rsquo;y a pas pour chacun la possibilit\u00e9 d&rsquo;un d\u00e9veloppement aussi complet que possible de sa personnalit\u00e9. Ensuite parce que la qualit\u00e9 humaine des individus influence la vie de toute la communaut\u00e9 en sorte que celle-ci ne peut conna\u00eetre un \u00e9panouissement heureux si ses membres n&rsquo;apportent pas une valeur physique, intellectuelle et morale satisfaisante. L&rsquo;homme se trouve \u00e0 l&rsquo;origine et \u00e0 la fin du processus social : tout est fait pour lui et tout vient de lui<\/em> (note 9). \u00bb (note 10)<\/p>\n\n\n\n<p>Parlant de la soci\u00e9t\u00e9 moderne de consommation qu&rsquo;il eut le temps de voir (il est mort en 1994), L\u00e9on Degrelle disait : \u00ab <em>l\u2019\u0153uvre factice de leur temps s&rsquo;effondrera. Elle s&rsquo;effondrera parce qu&rsquo;elle \u00e9tait contraire aux lois m\u00eames du c\u0153ur, et \u2013 disons le grand mot \u2013 aux lois de Dieu. Lui seul, si fort qu&rsquo;on en ait ri, donnait au monde son \u00e9quilibre, orientait les passions, leur ouvrait les vannes du don complet et de l&rsquo;amour authentique, indiquait un sens \u00e0 nos jours, quels que fussent nos heurs et nos malheurs. On pourra r\u00e9unir toutes les Conf\u00e9rences du monde, rassembler par troupeaux les Chefs d&rsquo;\u00c9tat, les experts \u00e9conomiques et les champions de toutes les techniques. Ils soup\u00e8seront. Ils d\u00e9cr\u00e9teront. Mais, au fond, ils \u00e9choueront car ils passeront \u00e0 c\u00f4t\u00e9 de l&rsquo;essentiel. La maladie du si\u00e8cle n&rsquo;est pas dans le corps. Le corps est malade parce que l&rsquo;\u00e2me est malade. C&rsquo;est elle qu&rsquo;il fallait, qu&rsquo;il faudra co\u00fbte que co\u00fbte gu\u00e9rir et revivifier. La vraie, la grande r\u00e9volution \u00e0 faire est l\u00e0. R\u00e9volution spirituelle. Ou faillite du si\u00e8cle. Le salut du monde est dans la volont\u00e9 des \u00e2mes qui croient. <\/em>\u00bb (note 11)<\/p>\n\n\n\n<p>C&rsquo;est en citant le rexiste Jos\u00e9 Streel que nous r\u00e9sumerons notre id\u00e9al national-catholique : \u00ab <em>Nous voulons que la religion soit au centre de tout, qu&rsquo;elle inspire tout, qu&rsquo;elle commande tout <\/em>[\u2026] <em>La seule politique aujourd&rsquo;hui possible pour nous consisterait \u00e0 incarner la th\u00e9ologie dans la r\u00e9alit\u00e9 sociale. Parce que le catholicisme est une doctrine d&rsquo;incarnation : de Dieu dans un homme, du Christ dans le pain, de la V\u00e9rit\u00e9 et de l&rsquo;Amour dans la vie. Si l&rsquo;on veut, nous sommes des clercs qui ne consentiront \u00e0 trahir le pur service de l&rsquo;esprit qu&rsquo;au profit de la r\u00e9alisation du Royaume de Dieu parmi les hommes. Nous ne travaillerons pas pour un moindre salaire. <\/em>\u00bb (note 12)<\/p>\n\n\n\n<p>Nous terminerons par citer Mgr Freppel, v\u00e9n\u00e9rable \u00e9v\u00eaque d&rsquo;Angers et farouche adversaire, comme d\u00e9put\u00e9, de la III<sup>\u00e8me<\/sup> R\u00e9publique : \u00ab <em>Le plus grand malheur pour un si\u00e8cle ou un pays, c\u2019est l\u2019abandon ou l\u2019amoindrissement de la v\u00e9rit\u00e9. On peut se relever de tout le reste ; on ne se rel\u00e8vera jamais du sacrifice des principes. Les caract\u00e8res peuvent fl\u00e9chir \u00e0 des moments donn\u00e9s, et les m\u0153urs publiques recevoir quelque atteinte du vice ou du mauvais exemple ; mais rien n\u2019est perdu tant que les vraies doctrines restent debout dans leur int\u00e9grit\u00e9. Avec elles tout se refait t\u00f4t ou tard, les hommes et les institutions, parce qu\u2019on est toujours capable de revenir au bien lorsqu\u2019on n\u2019a pas quitt\u00e9 le vrai. Ce qui enl\u00e8verait jusqu\u2019\u00e0 l\u2019espoir m\u00eame du salut, ce serait la d\u00e9sertion des principes, en dehors desquels il ne peut rien s\u2019\u00e9difier de solide et de durable. Aussi le plus grand service qu\u2019un homme puisse rendre \u00e0 ses semblables, aux \u00e9poques de d\u00e9faillances ou d\u2019obscurcissement, c\u2019est d\u2019affirmer la v\u00e9rit\u00e9 sans crainte, alors m\u00eame qu\u2019on ne l\u2019\u00e9couterait pas ; car c\u2019est un sillon de lumi\u00e8re qu\u2019il ouvre \u00e0 travers les intelligences ; et si sa voix ne parvient pas \u00e0 dominer les bruits du moment, du moins sera-t-elle accueillie dans l\u2019avenir comme la messag\u00e8re du salut. <\/em>\u00bb<\/p>\n\n\n\n<p>Alors, comme le disaient les miliciens fusill\u00e9s par les \u00e9purateurs gaullo-communistes au Grand- Bornand : \u00ab\u00a0<em>Vive le Christ-Roi, vive la France ! <\/em>\u00bb<\/p>\n\n\n\n<p>***<\/p>\n\n\n\n<p>Notes<\/p>\n\n\n\n<p>1 \/ Lettre apostolique <em>Praeclara gratulationis<\/em>, 1894.<\/p>\n\n\n\n<p>2 \/ Citations rapport\u00e9es par Jacques Ploncard d&rsquo;Assac dans <em>Doctrines du nationalisme<\/em>.<br><br>3 \/ Suite \u00e0 l&rsquo;exp\u00e9dition du g\u00e9n\u00e9ral Oudinot en 1849 qui permit au pape Pie IX de retourner \u00e0 Rome, un contingent de l&rsquo;arm\u00e9e fran\u00e7aise resta pr\u00e9sent dans la Ville \u00e9ternelle jusqu&rsquo;en 1870, emp\u00eachant sa prise par les partisans de l&rsquo;unit\u00e9 italienne, sans compter, dans les ann\u00e9es 1860, les nombreux Fran\u00e7ais qui se port\u00e8rent volontaires dans les zouaves pontificaux.<\/p>\n\n\n\n<p>4 \/ Remarquons tout de m\u00eame que les Habsbourg non plus n&rsquo;eurent pas beaucoup de scrupules \u00e0 s&rsquo;allier \u00e0 des protestants contre la France, notamment sous Louis XIV&#8230;<\/p>\n\n\n\n<p>5 \/ Citation de Louis Veuillot en 1842.<\/p>\n\n\n\n<p>6 \/ <em>La r\u00e9ponse de l&rsquo;Espagne<\/em>, Jos\u00e9 Antonio Primo de Rivera.<\/p>\n\n\n\n<p>7 \/ Surtout en raison du tournant lib\u00e9ral pris dans les ann\u00e9es 1950.<br><br>8 \/ <em>\u00ab La fin de la multitude rassembl\u00e9e en soci\u00e9t\u00e9 est de vivre selon la vertu \u00bb<\/em>, disait saint Thomas d&rsquo;Aquin dans son <em>De Regno<\/em>.<\/p>\n\n\n\n<p>9 \/ <em>\u00ab la soci\u00e9t\u00e9 est faite pour l&rsquo;homme et non l&rsquo;homme pour la soci\u00e9t\u00e9 \u00bb<\/em><strong> <\/strong>disait le pape Pie XI dans son encyclique <em>Divini Redemptoris<\/em>.<\/p>\n\n\n\n<p>10 \/ <em>La R\u00e9volution du Vingti\u00e8me Si\u00e8cle<\/em>, Jos\u00e9 Streel.<\/p>\n\n\n\n<p>11 \/ <em>Les \u00e2mes qui br\u00fblent<\/em>.<\/p>\n\n\n\n<p>12 \/ <em>Les jeunes gens et la politique<\/em>.<\/p>\n","protected":false},"excerpt":{"rendered":"<p>Par Quentin Dout\u00e9, membre de la r\u00e9daction de l&rsquo;Intransigeant. Il est des p\u00e9riodes de l&rsquo;Histoire o\u00f9 appara\u00eet clairement<\/p>\n","protected":false},"author":1,"featured_media":3208,"comment_status":"open","ping_status":"open","sticky":false,"template":"","format":"standard","meta":{"footnotes":""},"categories":[29,44,3],"tags":[],"class_list":["post-3216","post","type-post","status-publish","format-standard","has-post-thumbnail","hentry","category-communiques","category-droite-nationale","category-tribune-libre"],"_links":{"self":[{"href":"https:\/\/www.brunohirout.biz\/index.php\/wp-json\/wp\/v2\/posts\/3216","targetHints":{"allow":["GET"]}}],"collection":[{"href":"https:\/\/www.brunohirout.biz\/index.php\/wp-json\/wp\/v2\/posts"}],"about":[{"href":"https:\/\/www.brunohirout.biz\/index.php\/wp-json\/wp\/v2\/types\/post"}],"author":[{"embeddable":true,"href":"https:\/\/www.brunohirout.biz\/index.php\/wp-json\/wp\/v2\/users\/1"}],"replies":[{"embeddable":true,"href":"https:\/\/www.brunohirout.biz\/index.php\/wp-json\/wp\/v2\/comments?post=3216"}],"version-history":[{"count":1,"href":"https:\/\/www.brunohirout.biz\/index.php\/wp-json\/wp\/v2\/posts\/3216\/revisions"}],"predecessor-version":[{"id":3218,"href":"https:\/\/www.brunohirout.biz\/index.php\/wp-json\/wp\/v2\/posts\/3216\/revisions\/3218"}],"wp:featuredmedia":[{"embeddable":true,"href":"https:\/\/www.brunohirout.biz\/index.php\/wp-json\/wp\/v2\/media\/3208"}],"wp:attachment":[{"href":"https:\/\/www.brunohirout.biz\/index.php\/wp-json\/wp\/v2\/media?parent=3216"}],"wp:term":[{"taxonomy":"category","embeddable":true,"href":"https:\/\/www.brunohirout.biz\/index.php\/wp-json\/wp\/v2\/categories?post=3216"},{"taxonomy":"post_tag","embeddable":true,"href":"https:\/\/www.brunohirout.biz\/index.php\/wp-json\/wp\/v2\/tags?post=3216"}],"curies":[{"name":"wp","href":"https:\/\/api.w.org\/{rel}","templated":true}]}}