{"id":3206,"date":"2024-11-30T10:56:11","date_gmt":"2024-11-30T09:56:11","guid":{"rendered":"https:\/\/www.brunohirout.biz\/?p=3206"},"modified":"2024-11-30T10:59:38","modified_gmt":"2024-11-30T09:59:38","slug":"ukraine-proche-orient-la-droite-francaise-se-fiche-des-persecutions-contre-les-catholiques","status":"publish","type":"post","link":"https:\/\/www.brunohirout.biz\/index.php\/2024\/11\/30\/ukraine-proche-orient-la-droite-francaise-se-fiche-des-persecutions-contre-les-catholiques\/","title":{"rendered":"Ukraine, Proche-Orient : la droite fran\u00e7aise se fiche des pers\u00e9cutions contre les catholiques"},"content":{"rendered":"\n<p>Par Quentin Dout\u00e9, membre de la r\u00e9daction de l&rsquo;<a href=\"https:\/\/revuelintransigeant.blogspot.com\/\" data-type=\"link\" data-id=\"https:\/\/revuelintransigeant.blogspot.com\/\" target=\"_blank\" rel=\"noreferrer noopener\">Intransigeant<\/a>.<\/p>\n\n\n\n<p>Nous savions d\u00e9j\u00e0 que l&rsquo;\u00e9crasante majorit\u00e9 de la droite, en soutenant inconditionnellement Isra\u00ebl, m\u00e9prise compl\u00e8tement les chr\u00e9tiens d&rsquo;Orient qui se font exproprier et insulter \u00e0 J\u00e9rusalem, bombarder et massacrer \u00e0 Gaza et au Liban, au nom de la d\u00e9fense de la civilisation \u00ab jud\u00e9o- chr\u00e9tienne \u00bb contre l&rsquo;islam, d\u00e9fense dont ne se pr\u00e9occupait pas trop l&rsquo;entit\u00e9 sioniste quand elle soutenait l&rsquo;\u00c9tat islamique contre la Syrie baasiste, ou l\u2019Azerba\u00efdjan musulman contre l&rsquo;Arm\u00e9nie chr\u00e9tienne.<\/p>\n\n\n\n<p>Mais nous savons d\u00e9sormais que la Russie de Poutine, \u00e9galement massivement pl\u00e9biscit\u00e9e \u00e0 droite, s&rsquo;en prend elle aussi aux catholiques dans l&rsquo;indiff\u00e9rence g\u00e9n\u00e9rale. Nous avions d\u00e9j\u00e0 \u00e9voqu\u00e9 ici (<a href=\"https:\/\/www.brunohirout.biz\/index.php\/2023\/01\/16\/et-si-nous-arretions-didolatrer-les-orthodoxes\/\" data-type=\"link\" data-id=\"https:\/\/www.brunohirout.biz\/index.php\/2023\/01\/16\/et-si-nous-arretions-didolatrer-les-orthodoxes\/\" target=\"_blank\" rel=\"noreferrer noopener\">Et si nous arr\u00eations d\u2019idol\u00e2trer les orthodoxes ?<\/a>) l&rsquo;arrestation de pr\u00eatres grecs-catholiques par les Russes dans le Donbass.<\/p>\n\n\n\n<p>Mais maintenant, c&rsquo;est Mgr Maksum Ryabukha, \u00e9v\u00eaque grec-catholique de Donetsk, qui nous d\u00e9crit la situation des catholiques dans le Donbass occup\u00e9 par la Russie :<\/p>\n\n\n\n<p>\u00ab <em>L\u2019\u00e9v\u00eaque de Donetsk d\u00e9crit une situation tendue dans les villages catholiques qui sont sous le feu des bombes : \u00ab Il ne reste plus de mobilier sacr\u00e9, ni meubles, ni bancs dans les \u00e9glises de Pokrovsk, Mirnohrad et Kostiantynivka, trois endroits vers lesquels font route les bataillons du Kremlin pour tenter d\u2019achever la conqu\u00eate de l\u2019oblast de Donetsk \u00bb, explique-t-il. Le clerg\u00e9 n\u2019abandonne pas les fid\u00e8les qui, pour beaucoup, ont choisi la solution de l\u2019exode : \u00ab Nos pr\u00eatres restent proches de la population et rendent visite aux r\u00e9fugi\u00e9s qui ont quitt\u00e9 leur domicile. \u00bb Mgr Ryabukha ne peut plus mettre les pieds dans plus de cinquante pour cent de l\u2019exarchat occup\u00e9. Sur place, on fait payer cher \u00e0 l\u2019\u00c9glise grecque-catholique un soutien au pouvoir ukrainien dans lequel les russophones majoritaires veulent voir une tra\u00eetrise : <strong>dans les territoires qui ont fait le choix de la Russie, l\u2019\u00c9glise en communion avec Rome a \u00e9t\u00e9 interdite. \u00ab Ceux qui disent ouvertement qu\u2019ils sont catholiques disparaissent : certains sont fusill\u00e9s ; d\u2019autres sont emprisonn\u00e9s. Vous n\u2019avez pas le droit de professer librement votre foi. Nos fid\u00e8les r\u00e9p\u00e8tent : \u201cNous r\u00e9sistons, mais c\u2019est comme \u00eatre enferm\u00e9s dans une prison\u201d \u00bb, r\u00e9v\u00e8le l\u2019\u00e9v\u00eaque de Donetsk. <\/strong>Maigre consolation pour le pr\u00e9lat, deux de ses pr\u00eatres \u2013 les p\u00e8res Bohdan Geleta et Ivan Levitskyi \u2013 ont \u00e9t\u00e9 remis en libert\u00e9 gr\u00e2ce \u00e0 la m\u00e9diation du Saint-Si\u00e8ge apr\u00e8s avoir pass\u00e9 plus d\u2019un an et demi derri\u00e8re les barreaux, accus\u00e9s d\u2019avoir cach\u00e9 des armes, ce dont ils se sont toujours d\u00e9fendus. \u00ab Le r\u00e9cit qu\u2019ils ont fait de leur captivit\u00e9 montre comment la force de la pri\u00e8re a \u00e9t\u00e9 pour eux un soutien vital afin de r\u00e9sister \u00e0 l\u2019inhumanit\u00e9 qu\u2019ils ont v\u00e9cue dans les ge\u00f4les russes \u00bb, souligne Mgr Ryabukha. <\/em>\u00bb (note 1)<\/p>\n\n\n\n<p>Inutile de pr\u00e9ciser qu&rsquo;il n&rsquo;est pas question ici de vouloir s&rsquo;aligner sur les vell\u00e9it\u00e9s belliqueuses et jusqu&rsquo;au-boutistes d&rsquo;un Macron ou d&rsquo;un Biden, mais de nuancer le tableau manich\u00e9en qui est fait de cette guerre dans \u00ab nos milieux \u00bb, tableau aussi caricatural et mensonger que celui des grands m\u00e9dias pro-ukrainiens. La g\u00e9opolitique est quelque chose de compliqu\u00e9, qui ne peut le plus souvent se r\u00e9sumer en camp du bien\/camp du mal, et il suffit de passer en revue les alli\u00e9s de la Russie au sein de \u00ab l&rsquo;Axe de la R\u00e9sistance \u00bb, les marxistes pers\u00e9cuteurs de chr\u00e9tiens Chine, Cor\u00e9e du Nord, Nicaragua, etc., pour avoir quelques doutes sur l&rsquo;intrins\u00e8que bont\u00e9 de tous les pays composant cette alliance&#8230;<\/p>\n\n\n\n<p>Comme le r\u00e9sume l&rsquo;\u00e9v\u00eaque de Donetsk, \u00ab <em>Nous savons que la guerre va prendre fin. Mais nous souhaitons que cela se produise le plus rapidement possible, et avec une paix qui soit sous le signe de la justice. <\/em>\u00bb Et nous esp\u00e9rons que Donald Trump r\u00e9glera rapidement cela une fois aux commandes, conform\u00e9ment \u00e0 ses promesses.<\/p>\n\n\n\n<p>***<\/p>\n\n\n\n<p>Note 1 : <a href=\"https:\/\/fsspx.news\/fr\/news\/les-catholiques-du-donbass-une-espece-voie-dextinction-48908\" target=\"_blank\" rel=\"noreferrer noopener\">Les catholiques du Donbass : une esp\u00e8ce en voie d\u2019extinction | FSSPX Actualit\u00e9s<\/a><\/p>\n","protected":false},"excerpt":{"rendered":"<p>Par Quentin Dout\u00e9, membre de la r\u00e9daction de l&rsquo;Intransigeant. Nous savions d\u00e9j\u00e0 que l&rsquo;\u00e9crasante majorit\u00e9 de la droite,<\/p>\n","protected":false},"author":1,"featured_media":3208,"comment_status":"open","ping_status":"open","sticky":false,"template":"","format":"standard","meta":{"footnotes":""},"categories":[29,44,14],"tags":[],"class_list":["post-3206","post","type-post","status-publish","format-standard","has-post-thumbnail","hentry","category-communiques","category-droite-nationale","category-religion"],"_links":{"self":[{"href":"https:\/\/www.brunohirout.biz\/index.php\/wp-json\/wp\/v2\/posts\/3206","targetHints":{"allow":["GET"]}}],"collection":[{"href":"https:\/\/www.brunohirout.biz\/index.php\/wp-json\/wp\/v2\/posts"}],"about":[{"href":"https:\/\/www.brunohirout.biz\/index.php\/wp-json\/wp\/v2\/types\/post"}],"author":[{"embeddable":true,"href":"https:\/\/www.brunohirout.biz\/index.php\/wp-json\/wp\/v2\/users\/1"}],"replies":[{"embeddable":true,"href":"https:\/\/www.brunohirout.biz\/index.php\/wp-json\/wp\/v2\/comments?post=3206"}],"version-history":[{"count":3,"href":"https:\/\/www.brunohirout.biz\/index.php\/wp-json\/wp\/v2\/posts\/3206\/revisions"}],"predecessor-version":[{"id":3211,"href":"https:\/\/www.brunohirout.biz\/index.php\/wp-json\/wp\/v2\/posts\/3206\/revisions\/3211"}],"wp:featuredmedia":[{"embeddable":true,"href":"https:\/\/www.brunohirout.biz\/index.php\/wp-json\/wp\/v2\/media\/3208"}],"wp:attachment":[{"href":"https:\/\/www.brunohirout.biz\/index.php\/wp-json\/wp\/v2\/media?parent=3206"}],"wp:term":[{"taxonomy":"category","embeddable":true,"href":"https:\/\/www.brunohirout.biz\/index.php\/wp-json\/wp\/v2\/categories?post=3206"},{"taxonomy":"post_tag","embeddable":true,"href":"https:\/\/www.brunohirout.biz\/index.php\/wp-json\/wp\/v2\/tags?post=3206"}],"curies":[{"name":"wp","href":"https:\/\/api.w.org\/{rel}","templated":true}]}}