{"id":2140,"date":"2023-10-07T23:13:16","date_gmt":"2023-10-07T21:13:16","guid":{"rendered":"https:\/\/www.brunohirout.biz\/?p=2140"},"modified":"2023-10-07T23:13:17","modified_gmt":"2023-10-07T21:13:17","slug":"cigarillos-calva-03-ces-degeneres-qui-nous-gouvernent","status":"publish","type":"post","link":"https:\/\/www.brunohirout.biz\/index.php\/2023\/10\/07\/cigarillos-calva-03-ces-degeneres-qui-nous-gouvernent\/","title":{"rendered":"Cigarillos Calva #03 &#8211; Ces d\u00e9g\u00e9n\u00e9r\u00e9s qui nous gouvernent"},"content":{"rendered":"\n<p>Rediffusion du podcast Cigarillos &amp; Calva n\u00b002. Retrouvez cette nouvelle \u00e9mission litt\u00e9raire et politique 1 vendredi sur 2 \u00e0 19h00 sur <a rel=\"noreferrer noopener\" href=\"https:\/\/www.youtube.com\/redirect?event=video_description&amp;redir_token=QUFFLUhqbDQzSWV3eUZHeGpsNTZtRFpITVEwaFV5RXIwUXxBQ3Jtc0tua1YtTkZ5Q3NPbE9NRTJvc2lTOXdWTWw1VGZtdHRXbkoxeHpMaDdBamVXSGRtZ2Y1MVVnaU5NOENYOGwySWRvWTZSSng3LTZmc2pMakZXaEpoM19BbUk4LXkwNlBDSkw0VnN3S2k1NjJUd2RPcTZSZw&amp;q=https%3A%2F%2Fsoundcloud.com%2Fcigarillos-calva&amp;v=ykoAUH1LHPw\" target=\"_blank\">https:\/\/soundcloud.com\/cigarillos-calva<\/a> <\/p>\n\n\n\n<p>*** <\/p>\n\n\n\n<p>Saison 01, \u00e9pisode 03 : quel est le niveau de cette r\u00e9publique ? Petite causerie autour de \u00ab\u00a0682 jours\u00a0\u00bb, de Roselyne Bachelot, paru cette ann\u00e9e chez Plon.<\/p>\n\n\n\n<figure class=\"wp-block-embed aligncenter is-type-video is-provider-youtube wp-block-embed-youtube wp-embed-aspect-16-9 wp-has-aspect-ratio\"><div class=\"wp-block-embed__wrapper\">\n<iframe loading=\"lazy\" title=\"Cigarillos Calva #03 - Ces d\u00e9g\u00e9n\u00e9r\u00e9s qui nous gouvernent\" width=\"640\" height=\"360\" src=\"https:\/\/www.youtube.com\/embed\/ykoAUH1LHPw?feature=oembed\" frameborder=\"0\" allow=\"accelerometer; autoplay; clipboard-write; encrypted-media; gyroscope; picture-in-picture; web-share\" referrerpolicy=\"strict-origin-when-cross-origin\" allowfullscreen><\/iframe>\n<\/div><\/figure>\n","protected":false},"excerpt":{"rendered":"<p>Rediffusion du podcast Cigarillos &amp; Calva n\u00b002. Retrouvez cette nouvelle \u00e9mission litt\u00e9raire et politique 1 vendredi sur 2<\/p>\n","protected":false},"author":1,"featured_media":2106,"comment_status":"open","ping_status":"open","sticky":false,"template":"","format":"standard","meta":{"footnotes":""},"categories":[50],"tags":[],"class_list":["post-2140","post","type-post","status-publish","format-standard","has-post-thumbnail","hentry","category-cigarillos-calva"],"_links":{"self":[{"href":"https:\/\/www.brunohirout.biz\/index.php\/wp-json\/wp\/v2\/posts\/2140","targetHints":{"allow":["GET"]}}],"collection":[{"href":"https:\/\/www.brunohirout.biz\/index.php\/wp-json\/wp\/v2\/posts"}],"about":[{"href":"https:\/\/www.brunohirout.biz\/index.php\/wp-json\/wp\/v2\/types\/post"}],"author":[{"embeddable":true,"href":"https:\/\/www.brunohirout.biz\/index.php\/wp-json\/wp\/v2\/users\/1"}],"replies":[{"embeddable":true,"href":"https:\/\/www.brunohirout.biz\/index.php\/wp-json\/wp\/v2\/comments?post=2140"}],"version-history":[{"count":1,"href":"https:\/\/www.brunohirout.biz\/index.php\/wp-json\/wp\/v2\/posts\/2140\/revisions"}],"predecessor-version":[{"id":2141,"href":"https:\/\/www.brunohirout.biz\/index.php\/wp-json\/wp\/v2\/posts\/2140\/revisions\/2141"}],"wp:featuredmedia":[{"embeddable":true,"href":"https:\/\/www.brunohirout.biz\/index.php\/wp-json\/wp\/v2\/media\/2106"}],"wp:attachment":[{"href":"https:\/\/www.brunohirout.biz\/index.php\/wp-json\/wp\/v2\/media?parent=2140"}],"wp:term":[{"taxonomy":"category","embeddable":true,"href":"https:\/\/www.brunohirout.biz\/index.php\/wp-json\/wp\/v2\/categories?post=2140"},{"taxonomy":"post_tag","embeddable":true,"href":"https:\/\/www.brunohirout.biz\/index.php\/wp-json\/wp\/v2\/tags?post=2140"}],"curies":[{"name":"wp","href":"https:\/\/api.w.org\/{rel}","templated":true}]}}