{"id":2006,"date":"2023-09-13T18:37:29","date_gmt":"2023-09-13T16:37:29","guid":{"rendered":"https:\/\/www.brunohirout.biz\/?p=2006"},"modified":"2023-09-13T18:38:00","modified_gmt":"2023-09-13T16:38:00","slug":"chaos-migratoire-le-maire-de-ouistreham-va-creer-une-ligne-budgetaire-de-100-000-euros","status":"publish","type":"post","link":"https:\/\/www.brunohirout.biz\/index.php\/2023\/09\/13\/chaos-migratoire-le-maire-de-ouistreham-va-creer-une-ligne-budgetaire-de-100-000-euros\/","title":{"rendered":"Chaos migratoire : le maire de Ouistreham va cr\u00e9er une ligne budg\u00e9taire de 100 000 euros"},"content":{"rendered":"\n<p class=\"has-text-align-center\">Communiqu\u00e9 de Vivien Gosset<\/p>\n\n\n\n<p class=\"has-text-align-center\">Charg\u00e9 de mission du Parti de la France pour le Calvados et conseiller national du PdF<\/p>\n\n\n\n<p><\/p>\n\n\n\n<p>Non content de se soumettre aux associations immigrationnistes et \u00e0 l\u2019extr\u00eame gauche, Romain Bail, le maire de Ouistreham, va donc bien financer les travaux pour des \u00e9quipements sanitaires en faveur des clandestins. Ouistrehamais, avec votre argent le maire finance l&rsquo;immigration. Une pure folie !<\/p>\n\n\n\n<p>Pour rappel, le nombre de clandestins repart \u00e0 la hausse depuis la mi-ao\u00fbt, ce qui cause de nouveau des probl\u00e8mes d\u2019ins\u00e9curit\u00e9 dans la ville, avec notamment l&rsquo;agression sexuelle d&rsquo;une femme sur la plage, faits qui ont \u00e9t\u00e9 requalifi\u00e9s en \u00ab&nbsp;outrage \u00e0 caract\u00e8re sexiste&nbsp;\u00bb\u2026 Ouistreham ne peut pas vivre entre provocations politiques et faits divers sordides au simple pr\u00e9texte que personne n\u2019ose donner l\u2019ordre d\u2019expulser ces clandestins.<\/p>\n\n\n\n<p>La Ville de Ouistreham est-elle condamn\u00e9e \u00e0 \u00eatre squatt\u00e9e ? Habitants de Ouistreham, il est temps de demander des comptes.<\/p>\n\n\n\n<p>Pour la s\u00e9curit\u00e9 de tous, le Parti de la France propose de stopper l&rsquo;immigration, d&rsquo;inverser les flux migratoires, et d\u2019annuler toute aide et subvention aux associations qui militent pour la colonisation de notre terre.<\/p>\n","protected":false},"excerpt":{"rendered":"<p>Communiqu\u00e9 de Vivien Gosset Charg\u00e9 de mission du Parti de la France pour le Calvados et conseiller national<\/p>\n","protected":false},"author":1,"featured_media":2007,"comment_status":"open","ping_status":"open","sticky":false,"template":"","format":"standard","meta":{"footnotes":""},"categories":[29,28,43],"tags":[],"class_list":["post-2006","post","type-post","status-publish","format-standard","has-post-thumbnail","hentry","category-communiques","category-immigration","category-normandie"],"_links":{"self":[{"href":"https:\/\/www.brunohirout.biz\/index.php\/wp-json\/wp\/v2\/posts\/2006","targetHints":{"allow":["GET"]}}],"collection":[{"href":"https:\/\/www.brunohirout.biz\/index.php\/wp-json\/wp\/v2\/posts"}],"about":[{"href":"https:\/\/www.brunohirout.biz\/index.php\/wp-json\/wp\/v2\/types\/post"}],"author":[{"embeddable":true,"href":"https:\/\/www.brunohirout.biz\/index.php\/wp-json\/wp\/v2\/users\/1"}],"replies":[{"embeddable":true,"href":"https:\/\/www.brunohirout.biz\/index.php\/wp-json\/wp\/v2\/comments?post=2006"}],"version-history":[{"count":2,"href":"https:\/\/www.brunohirout.biz\/index.php\/wp-json\/wp\/v2\/posts\/2006\/revisions"}],"predecessor-version":[{"id":2009,"href":"https:\/\/www.brunohirout.biz\/index.php\/wp-json\/wp\/v2\/posts\/2006\/revisions\/2009"}],"wp:featuredmedia":[{"embeddable":true,"href":"https:\/\/www.brunohirout.biz\/index.php\/wp-json\/wp\/v2\/media\/2007"}],"wp:attachment":[{"href":"https:\/\/www.brunohirout.biz\/index.php\/wp-json\/wp\/v2\/media?parent=2006"}],"wp:term":[{"taxonomy":"category","embeddable":true,"href":"https:\/\/www.brunohirout.biz\/index.php\/wp-json\/wp\/v2\/categories?post=2006"},{"taxonomy":"post_tag","embeddable":true,"href":"https:\/\/www.brunohirout.biz\/index.php\/wp-json\/wp\/v2\/tags?post=2006"}],"curies":[{"name":"wp","href":"https:\/\/api.w.org\/{rel}","templated":true}]}}