{"id":1948,"date":"2023-08-29T12:21:09","date_gmt":"2023-08-29T10:21:09","guid":{"rendered":"https:\/\/www.brunohirout.biz\/?p=1948"},"modified":"2023-08-29T12:22:48","modified_gmt":"2023-08-29T10:22:48","slug":"lignoble-et-absolument-inutile-chaine-bfm-tv-sen-prend-aux-parents-du-petit-emile","status":"publish","type":"post","link":"https:\/\/www.brunohirout.biz\/index.php\/2023\/08\/29\/lignoble-et-absolument-inutile-chaine-bfm-tv-sen-prend-aux-parents-du-petit-emile\/","title":{"rendered":"L&rsquo;ignoble et absolument inutile cha\u00eene BFM TV s&rsquo;en prend aux parents du petit Emile"},"content":{"rendered":"\n<p>BFM TV a publi\u00e9 une vid\u00e9o dans laquelle il est reproch\u00e9 aux parents d&rsquo;Emile, un petit Fran\u00e7ais de 3 ans disparu depuis le 8 juillet dernier, d&rsquo;avoir \u00ab\u00a0un profil particulier\u00a0\u00bb du fait d&rsquo;\u00eatre \u00ab\u00a0catholiques traditionnalistes\u00a0\u00bb et d&rsquo;avoir \u00e9t\u00e9 membres ou proches du Bastion Social. Dans la vid\u00e9o, il est m\u00eame reproch\u00e9 au p\u00e8re d&rsquo;Emile d&rsquo;avoir \u00e9t\u00e9 accus\u00e9 d&rsquo;une attaque contre des Maghr\u00e9bins alors qu&rsquo;il fut relax\u00e9, donc jug\u00e9 innocent.<\/p>\n\n\n\n<p>Ces proc\u00e9d\u00e9s ignobles, venant de militants politiques antifas d\u00e9guis\u00e9s en journalistes, visant \u00e0 d\u00e9nigrer des parents et une famille en pleine d\u00e9tresse et en plein malheur, sont de la plus crasse indignit\u00e9. Le politiquement correct, un nom un peu trop poli pour qualifier un ramassis de tra\u00eetres \u00e0 la race et \u00e0 la patrie, en est maintenant arriv\u00e9 \u00e0 juger la pertinence d&rsquo;un drame \u00e0 la lumi\u00e8re des opinions politiques des victimes. C&rsquo;est un scandale et une honte.<\/p>\n\n\n\n<p>Vivement que BFM meure, aucun \u00eatre sens\u00e9 ne pleurerait sur la disparition de cette cha\u00eene qui ajoute l&rsquo;ignominie \u00e0 sa totale inutilit\u00e9.<\/p>\n","protected":false},"excerpt":{"rendered":"<p>BFM TV a publi\u00e9 une vid\u00e9o dans laquelle il est reproch\u00e9 aux parents d&rsquo;Emile, un petit Fran\u00e7ais de<\/p>\n","protected":false},"author":1,"featured_media":1949,"comment_status":"open","ping_status":"open","sticky":false,"template":"","format":"standard","meta":{"footnotes":""},"categories":[13],"tags":[],"class_list":["post-1948","post","type-post","status-publish","format-standard","has-post-thumbnail","hentry","category-actualite"],"_links":{"self":[{"href":"https:\/\/www.brunohirout.biz\/index.php\/wp-json\/wp\/v2\/posts\/1948","targetHints":{"allow":["GET"]}}],"collection":[{"href":"https:\/\/www.brunohirout.biz\/index.php\/wp-json\/wp\/v2\/posts"}],"about":[{"href":"https:\/\/www.brunohirout.biz\/index.php\/wp-json\/wp\/v2\/types\/post"}],"author":[{"embeddable":true,"href":"https:\/\/www.brunohirout.biz\/index.php\/wp-json\/wp\/v2\/users\/1"}],"replies":[{"embeddable":true,"href":"https:\/\/www.brunohirout.biz\/index.php\/wp-json\/wp\/v2\/comments?post=1948"}],"version-history":[{"count":3,"href":"https:\/\/www.brunohirout.biz\/index.php\/wp-json\/wp\/v2\/posts\/1948\/revisions"}],"predecessor-version":[{"id":1952,"href":"https:\/\/www.brunohirout.biz\/index.php\/wp-json\/wp\/v2\/posts\/1948\/revisions\/1952"}],"wp:featuredmedia":[{"embeddable":true,"href":"https:\/\/www.brunohirout.biz\/index.php\/wp-json\/wp\/v2\/media\/1949"}],"wp:attachment":[{"href":"https:\/\/www.brunohirout.biz\/index.php\/wp-json\/wp\/v2\/media?parent=1948"}],"wp:term":[{"taxonomy":"category","embeddable":true,"href":"https:\/\/www.brunohirout.biz\/index.php\/wp-json\/wp\/v2\/categories?post=1948"},{"taxonomy":"post_tag","embeddable":true,"href":"https:\/\/www.brunohirout.biz\/index.php\/wp-json\/wp\/v2\/tags?post=1948"}],"curies":[{"name":"wp","href":"https:\/\/api.w.org\/{rel}","templated":true}]}}