{"id":1399,"date":"2022-02-04T07:47:53","date_gmt":"2022-02-04T06:47:53","guid":{"rendered":"https:\/\/www.brunohirout.biz\/?p=1399"},"modified":"2022-02-04T07:47:55","modified_gmt":"2022-02-04T06:47:55","slug":"mais-qui-a-tue-le-rn","status":"publish","type":"post","link":"https:\/\/www.brunohirout.biz\/index.php\/2022\/02\/04\/mais-qui-a-tue-le-rn\/","title":{"rendered":"Mais qui a tu\u00e9 le RN ?"},"content":{"rendered":"\n<p>J&rsquo;apprends ce matin que Marine Le Pen a d\u00e9clar\u00e9 qu&rsquo;Eric Zemmour voulait \u00ab\u00a0tuer le Rassemblement National\u00a0\u00bb.<\/p>\n\n\n\n<p>C&rsquo;est donc Eric Zemmour qui a :<\/p>\n\n\n\n<p>&#8211; fait une campagne \u00e0 gauche de Sarkozy en 2007<\/p>\n\n\n\n<p>&#8211; fait le discours immigrationniste d&rsquo;Argenteuil<\/p>\n\n\n\n<p>&#8211; fait le discours franc-ma\u00e7on de Valmy<\/p>\n\n\n\n<p>&#8211; fait du souverainiste homo de gauche Florian Philippot le vice-pr\u00e9sident du FN<\/p>\n\n\n\n<p>&#8211; fait du fondateur de GAY LIB S\u00e9bastien Chenu le porte-parole du FN<\/p>\n\n\n\n<p>&#8211; d\u00e9nonc\u00e9 sans exception les cadres et militants point\u00e9s du doigt par les media<\/p>\n\n\n\n<p>&#8211; exclu les nationalistes<\/p>\n\n\n\n<p>&#8211; refus\u00e9 de se mobiliser pour la Manif pour Tous<\/p>\n\n\n\n<p>&#8211; refus\u00e9 de se mobiliser pour les Gilets Jaunes<\/p>\n\n\n\n<p>&#8211; refus\u00e9 de se mobiliser pour les anti-pass<\/p>\n\n\n\n<p>&#8211; mis fin aux BBR<\/p>\n\n\n\n<p>&#8211; mis fin au d\u00e9fil\u00e9 du 1er mai<\/p>\n\n\n\n<p>&#8211; c\u00e9l\u00e9br\u00e9 au champagne et en musique la d\u00e9faite contre Macron en 2017<\/p>\n\n\n\n<p>&#8211; etc., etc., etc.<\/p>\n\n\n\n<p>Quelle farce cette bonne femme&#8230;<\/p>\n","protected":false},"excerpt":{"rendered":"<p>J&rsquo;apprends ce matin que Marine Le Pen a d\u00e9clar\u00e9 qu&rsquo;Eric Zemmour voulait \u00ab\u00a0tuer le Rassemblement National\u00a0\u00bb. C&rsquo;est donc<\/p>\n","protected":false},"author":1,"featured_media":1400,"comment_status":"open","ping_status":"open","sticky":false,"template":"","format":"standard","meta":{"footnotes":""},"categories":[44],"tags":[],"class_list":["post-1399","post","type-post","status-publish","format-standard","has-post-thumbnail","hentry","category-droite-nationale"],"_links":{"self":[{"href":"https:\/\/www.brunohirout.biz\/index.php\/wp-json\/wp\/v2\/posts\/1399","targetHints":{"allow":["GET"]}}],"collection":[{"href":"https:\/\/www.brunohirout.biz\/index.php\/wp-json\/wp\/v2\/posts"}],"about":[{"href":"https:\/\/www.brunohirout.biz\/index.php\/wp-json\/wp\/v2\/types\/post"}],"author":[{"embeddable":true,"href":"https:\/\/www.brunohirout.biz\/index.php\/wp-json\/wp\/v2\/users\/1"}],"replies":[{"embeddable":true,"href":"https:\/\/www.brunohirout.biz\/index.php\/wp-json\/wp\/v2\/comments?post=1399"}],"version-history":[{"count":1,"href":"https:\/\/www.brunohirout.biz\/index.php\/wp-json\/wp\/v2\/posts\/1399\/revisions"}],"predecessor-version":[{"id":1401,"href":"https:\/\/www.brunohirout.biz\/index.php\/wp-json\/wp\/v2\/posts\/1399\/revisions\/1401"}],"wp:featuredmedia":[{"embeddable":true,"href":"https:\/\/www.brunohirout.biz\/index.php\/wp-json\/wp\/v2\/media\/1400"}],"wp:attachment":[{"href":"https:\/\/www.brunohirout.biz\/index.php\/wp-json\/wp\/v2\/media?parent=1399"}],"wp:term":[{"taxonomy":"category","embeddable":true,"href":"https:\/\/www.brunohirout.biz\/index.php\/wp-json\/wp\/v2\/categories?post=1399"},{"taxonomy":"post_tag","embeddable":true,"href":"https:\/\/www.brunohirout.biz\/index.php\/wp-json\/wp\/v2\/tags?post=1399"}],"curies":[{"name":"wp","href":"https:\/\/api.w.org\/{rel}","templated":true}]}}