{"id":1180,"date":"2021-10-03T01:38:03","date_gmt":"2021-10-02T23:38:03","guid":{"rendered":"https:\/\/www.brunohirout.biz\/?p=1180"},"modified":"2021-10-03T01:53:52","modified_gmt":"2021-10-02T23:53:52","slug":"tout-va-mal-en-france-cest-la-faute-a-lextreme-droite","status":"publish","type":"post","link":"https:\/\/www.brunohirout.biz\/index.php\/2021\/10\/03\/tout-va-mal-en-france-cest-la-faute-a-lextreme-droite\/","title":{"rendered":"Tout va mal en France, c\u2019est la faute \u00e0 l\u2019extr\u00eame droite !"},"content":{"rendered":"\n<p>Cette semaine, deux marioles hostiles \u00e0 la droite nationale, Cyril Hanouna (C8) et Guillaume Larriv\u00e9 (LR), ont tenu des propos qui en disent long sur l\u2019\u00e9tat de d\u00e9composition intellectuelle qui frappe les personnalit\u00e9s m\u00e9diatis\u00e9es de notre pays.<\/p>\n\n\n\n<p>Cyril Hanouna, au cours de l\u2019une de ses \u00e9missions, a accus\u00e9 \u00ab&nbsp;l\u2019extr\u00eame droite&nbsp;\u00bb d\u2019\u00eatre responsable des ennuis de Mila, \u00ab&nbsp;extr\u00eame droite&nbsp;\u00bb que l\u2019animateur de C8 accuse d\u2019avoir proc\u00e9d\u00e9 \u00e0 la r\u00e9cup\u00e9ration politique de \u00ab&nbsp;l\u2019affaire Mila&nbsp;\u00bb. C\u2019est un mensonge en plus d\u2019\u00eatre une grotesque stupidit\u00e9, car dans cette affaire, l\u2019extr\u00eame droite n\u2019est intervenue que pour d\u00e9noncer la cabale islamique dont Mila a \u00e9t\u00e9 la cible apr\u00e8s avoir \u00e9conduit de mani\u00e8re fort peu politiquement correcte un jeune mahom\u00e9tan. Mila a \u00e9t\u00e9 malgr\u00e9 elle le r\u00e9v\u00e9lateur d\u2019une jeunesse islamis\u00e9e fanatiquement hostile \u00e0 tout ce qui contredit le pseudo-proph\u00e8te des musulmans, et les ennuis qu\u2019a subis Mila viennent du fanatisme islamique de cette jeunesse islamis\u00e9e qui n\u2019a pas attendu les nationalistes fran\u00e7ais pour souhaiter tout le mal possible \u00e0 cette jeune femme. Quant \u00e0 la protection polici\u00e8re impos\u00e9e \u00e0 Mila, elle n\u2019a rien \u00e0 voir non plus avec \u00ab&nbsp;l\u2019extr\u00eame droite&nbsp;\u00bb, elle est au contraire symptomatique de l\u2019ins\u00e9curit\u00e9 que les racailles musulmanes font peser sur notre soci\u00e9t\u00e9.<\/p>\n\n\n\n<p>De son c\u00f4t\u00e9, Guillaume Larriv\u00e9, ce moulin \u00e0 parole politiquement correcte, a d\u00e9clar\u00e9 sur BFM TV qu\u2019Eric Zemmour est \u00ab\u00a0une sorte d\u2019acc\u00e9l\u00e9rateur de la destruction de la paix civile\u00a0\u00bb qui \u00ab\u00a0a choisi de se positionner \u00e0 l\u2019extr\u00eame droite de la sc\u00e8ne politique\u00a0\u00bb. Par ces deux assertions, le d\u00e9put\u00e9 LR fait un double aveu int\u00e9ressant. Tout d\u2019abord, en consid\u00e9rant qu\u2019\u00eatre \u00e0 tel ou tel endroit de l\u2019\u00e9chiquier politique constituerait un \u00ab\u00a0choix\u00a0\u00bb, Guillaume Larriv\u00e9 admet que les id\u00e9es qu\u2019il dit \u00eatre les siennes ne sont que le fruit d\u2019un choix strat\u00e9gique de positionnement politique, ce qui est le degr\u00e9 z\u00e9ro de la r\u00e9flexion politique. Ensuite, ce degr\u00e9 z\u00e9ro s\u2019exprime parfaitement quand Larriv\u00e9 accuse Zemmour d\u2019acc\u00e9l\u00e9rer \u00ab\u00a0la destruction de la paix civile\u00a0\u00bb. C\u2019est tr\u00e8s int\u00e9ressant, car l\u2019insipide Larriv\u00e9 admet que la \u00ab\u00a0paix civile\u00a0\u00bb est en cours de destruction, et m\u00eame s\u2019il se garde bien de pr\u00e9ciser qui en est responsable, (Certainement des Eric qui agressent, volent et tuent chaque jour des Mohamed\u00a0?), le fait qu\u2019il reproche \u00e0 Zemmour d\u2019en \u00eatre un \u00ab\u00a0acc\u00e9l\u00e9rateur\u00a0\u00bb d\u00e9signe directement les responsables de cette destruction, c\u2019est-\u00e0-dire ceux qu\u2019Eric Zemmour d\u00e9nonce\u00a0: l\u2019immigration afro maghr\u00e9bine.<\/p>\n\n\n\n<p>Ces deux exemples d\u2019inversion accusatoire d\u2019Hanouna et de Larriv\u00e9, montrent que ceux qui accusent l\u2019extr\u00eame droite d\u2019\u00eatre responsable des maux qui frappent notre peuple et notre pays, reprochent en fait \u00e0 l\u2019extr\u00eame droite de d\u00e9signer les vrais responsables. Il s\u2019agit de la fameuse et fumeuse technique qui consiste \u00e0 lutter contre le thermom\u00e8tre plut\u00f4t que contre la fi\u00e8vre\u2026<\/p>\n","protected":false},"excerpt":{"rendered":"<p>Cette semaine, deux marioles hostiles \u00e0 la droite nationale, Cyril Hanouna (C8) et Guillaume Larriv\u00e9 (LR), ont tenu<\/p>\n","protected":false},"author":1,"featured_media":1181,"comment_status":"open","ping_status":"open","sticky":false,"template":"","format":"standard","meta":{"footnotes":""},"categories":[13,35],"tags":[],"class_list":["post-1180","post","type-post","status-publish","format-standard","has-post-thumbnail","hentry","category-actualite","category-poing-de-vue"],"_links":{"self":[{"href":"https:\/\/www.brunohirout.biz\/index.php\/wp-json\/wp\/v2\/posts\/1180","targetHints":{"allow":["GET"]}}],"collection":[{"href":"https:\/\/www.brunohirout.biz\/index.php\/wp-json\/wp\/v2\/posts"}],"about":[{"href":"https:\/\/www.brunohirout.biz\/index.php\/wp-json\/wp\/v2\/types\/post"}],"author":[{"embeddable":true,"href":"https:\/\/www.brunohirout.biz\/index.php\/wp-json\/wp\/v2\/users\/1"}],"replies":[{"embeddable":true,"href":"https:\/\/www.brunohirout.biz\/index.php\/wp-json\/wp\/v2\/comments?post=1180"}],"version-history":[{"count":3,"href":"https:\/\/www.brunohirout.biz\/index.php\/wp-json\/wp\/v2\/posts\/1180\/revisions"}],"predecessor-version":[{"id":1185,"href":"https:\/\/www.brunohirout.biz\/index.php\/wp-json\/wp\/v2\/posts\/1180\/revisions\/1185"}],"wp:featuredmedia":[{"embeddable":true,"href":"https:\/\/www.brunohirout.biz\/index.php\/wp-json\/wp\/v2\/media\/1181"}],"wp:attachment":[{"href":"https:\/\/www.brunohirout.biz\/index.php\/wp-json\/wp\/v2\/media?parent=1180"}],"wp:term":[{"taxonomy":"category","embeddable":true,"href":"https:\/\/www.brunohirout.biz\/index.php\/wp-json\/wp\/v2\/categories?post=1180"},{"taxonomy":"post_tag","embeddable":true,"href":"https:\/\/www.brunohirout.biz\/index.php\/wp-json\/wp\/v2\/tags?post=1180"}],"curies":[{"name":"wp","href":"https:\/\/api.w.org\/{rel}","templated":true}]}}